{"id":34250,"date":"2022-12-08T12:46:18","date_gmt":"2022-12-08T18:46:18","guid":{"rendered":"https:\/\/encuentroinformativo.com.mx\/?p=34250"},"modified":"2022-12-08T12:46:22","modified_gmt":"2022-12-08T18:46:22","slug":"reformas-inconstitucionales-para-afectar-al-ine-jesus-ortega","status":"publish","type":"post","link":"https:\/\/encuentroinformativo.com.mx\/?p=34250","title":{"rendered":"Reformas inconstitucionales para afectar al INE: Jes\u00fas Ortega"},"content":{"rendered":"\n<p><strong>Dar\u00edo Pale<\/strong><\/p>\n\n\n\n<p>Xalapa, Ver.- Uno de los fundadores del PRD, se\u00f1al\u00f3 que con la reducci\u00f3n presupuestal al Instituto Nacional Electoral (INE) ser\u00e1 casi imposible que logre organizar el proceso electoral de 2024 y si el Senado aprueba Plan B electoral, recurriremos a la Corte, ya que es inconstitucional la reforma a la ley, se\u00f1al\u00f3 Jes\u00fas Ortega Mart\u00ednez.<\/p>\n\n\n\n<p>En conferencia de prensa coment\u00f3 que, &#8220;sin fundamento alguno, reducen todav\u00eda m\u00e1s los recursos al INE y los recursos para organizar las elecciones, ya hab\u00edan reducido en el presupuesto, ya hab\u00eda dicho su presidente que con esos recursos era muy dif\u00edcil organizar procesos electorales tan grandes y complejos que se vienen en el 2024&#8221;.<\/p>\n\n\n\n<p>De manera que, dijo, como Obrador no pudo concretar la reforma constitucional para apoderarse del INE, se hizo la reforma electoral a las leyes secundarias, el llamado Plan B.<\/p>\n\n\n\n<p>&#8220;Es inconstitucional la reforma a la ley, vamos a ver qu\u00e9 hace el Senado, si se aprueba por este, vamos a recurrir a la Suprema Corte para que declare inconstitucional la reforma&#8221;, se\u00f1al\u00f3.<\/p>\n\n\n\n<p>Adem\u00e1s, asegur\u00f3 que hay informaci\u00f3n suficiente para decir que algunos puntos de la reforma fueron introducidos por los aliados de Morena, el PT y el Verde, como condici\u00f3n para aprobar el Plan B, &#8220;L\u00f3pez Obrador y los l\u00edderes de Morena en la C\u00e1mara de Diputados le concedieron estas prerrogativas&#8221;.<\/p>\n\n\n\n<p>Por ello, dijo que legislar de esa manera, es legislar en raz\u00f3n de intereses particulares o partidistas.<\/p>\n\n\n\n<p>En ese contexto, indic\u00f3 que hay un sistem\u00e1tico esfuerzo por derrumbar el sistema democr\u00e1tico que se ha construido a lo largo de cuarenta a\u00f1os por parte del presidente Andr\u00e9s Manuel L\u00f3pez Obrador.<\/p>\n\n\n\n<p>&#8220;Las reformas pol\u00edtico-electorales, las reformas estructurales, lo que permiti\u00f3 construir un proceso democr\u00e1tico, observamos un riesgo de que eso construido durante cuatro d\u00e9cadas, ese sistema plural y democr\u00e1tico de libertades, est\u00e1n en riesgo de caerse por la actitud del presidente de la Rep\u00fablica, Andr\u00e9s Manuel L\u00f3pez Obrador&#8221;, coment\u00f3.<\/p>\n\n\n\n<p>Para el perredista, lo que busca el Ejecutivo federal es regresar al viejo r\u00e9gimen de partido de Estado.<\/p>\n\n\n\n<p>Finalmente se\u00f1al\u00f3 que, &#8220;hay suficientes pruebas de este comportamiento de L\u00f3pez Obrador y estamos empe\u00f1ados en impedir que prospere, como estamos empe\u00f1ados en sacar adelante esta izquierda democr\u00e1tica que le hace falta al pa\u00eds&#8221;.<\/p>\n","protected":false},"excerpt":{"rendered":"<p>Dar\u00edo Pale Xalapa, Ver.- Uno de los fundadores del PRD, se\u00f1al\u00f3 que con la reducci\u00f3n presupuestal al Instituto Nacional Electoral (INE) ser\u00e1 casi imposible que logre organizar el proceso electoral de 2024 y si el Senado aprueba Plan B electoral, recurriremos a la Corte, ya que es inconstitucional la reforma a la ley, se\u00f1al\u00f3 Jes\u00fas [&hellip;]<\/p>\n","protected":false},"author":1,"featured_media":34251,"comment_status":"open","ping_status":"open","sticky":false,"template":"","format":"standard","meta":{"_jetpack_memberships_contains_paid_content":false,"footnotes":""},"categories":[12],"tags":[],"class_list":["post-34250","post","type-post","status-publish","format-standard","has-post-thumbnail","hentry","category-nacional"],"jetpack_featured_media_url":"https:\/\/encuentroinformativo.com.mx\/wp-content\/uploads\/2022\/12\/B90DC8BC-D304-47D7-A220-4039945D2795.jpeg","jetpack_sharing_enabled":true,"jetpack_likes_enabled":true,"amp_enabled":true,"_links":{"self":[{"href":"https:\/\/encuentroinformativo.com.mx\/index.php?rest_route=\/wp\/v2\/posts\/34250","targetHints":{"allow":["GET"]}}],"collection":[{"href":"https:\/\/encuentroinformativo.com.mx\/index.php?rest_route=\/wp\/v2\/posts"}],"about":[{"href":"https:\/\/encuentroinformativo.com.mx\/index.php?rest_route=\/wp\/v2\/types\/post"}],"author":[{"embeddable":true,"href":"https:\/\/encuentroinformativo.com.mx\/index.php?rest_route=\/wp\/v2\/users\/1"}],"replies":[{"embeddable":true,"href":"https:\/\/encuentroinformativo.com.mx\/index.php?rest_route=%2Fwp%2Fv2%2Fcomments&post=34250"}],"version-history":[{"count":1,"href":"https:\/\/encuentroinformativo.com.mx\/index.php?rest_route=\/wp\/v2\/posts\/34250\/revisions"}],"predecessor-version":[{"id":34252,"href":"https:\/\/encuentroinformativo.com.mx\/index.php?rest_route=\/wp\/v2\/posts\/34250\/revisions\/34252"}],"wp:featuredmedia":[{"embeddable":true,"href":"https:\/\/encuentroinformativo.com.mx\/index.php?rest_route=\/wp\/v2\/media\/34251"}],"wp:attachment":[{"href":"https:\/\/encuentroinformativo.com.mx\/index.php?rest_route=%2Fwp%2Fv2%2Fmedia&parent=34250"}],"wp:term":[{"taxonomy":"category","embeddable":true,"href":"https:\/\/encuentroinformativo.com.mx\/index.php?rest_route=%2Fwp%2Fv2%2Fcategories&post=34250"},{"taxonomy":"post_tag","embeddable":true,"href":"https:\/\/encuentroinformativo.com.mx\/index.php?rest_route=%2Fwp%2Fv2%2Ftags&post=34250"}],"curies":[{"name":"wp","href":"https:\/\/api.w.org\/{rel}","templated":true}]}}