{"id":34256,"date":"2022-12-08T14:11:27","date_gmt":"2022-12-08T20:11:27","guid":{"rendered":"https:\/\/encuentroinformativo.com.mx\/?p=34256"},"modified":"2022-12-08T14:11:30","modified_gmt":"2022-12-08T20:11:30","slug":"confia-gobernador-en-plan-b-de-reforma-electoral","status":"publish","type":"post","link":"https:\/\/encuentroinformativo.com.mx\/?p=34256","title":{"rendered":"Conf\u00eda Gobernador en \u2018plan B\u2019 de Reforma Electoral"},"content":{"rendered":"\n<p><strong>Dar\u00edo Pale <\/strong><\/p>\n\n\n\n<p>Xalapa, Ver.- Conf\u00edan que el plan &#8220;B&#8221; en materia electoral presentada por el presidente Andr\u00e9s Manuel L\u00f3pez Obrador, sea aprobado en el Senado de la Rep\u00fablica, a fin de garantizar el ahorro de recursos en la operaci\u00f3n del Instituto Nacional Electoral, mismo que tiene el gasto m\u00e1s grande en elecciones a nivel internacional.<\/p>\n\n\n\n<p>En entrevista el gobernador Cuitl\u00e1huac Garc\u00eda Jim\u00e9nez dijo que ha empezado el debate en la C\u00e1mara de Senadores para que antes de que termine el periodo legislativo se pueda hacer la aprobaci\u00f3n, porque significa el ahorro, pues no es posible el alto presupuesto que se maneja al interior del INE, salarios de hasta 300 mil pesos mensuales, cuando el presidente tiene uno de 108 \u00a0mil pesos.<\/p>\n\n\n\n<p>Cuestionado en torno a la advertencia de la oposici\u00f3n de, en caso de aprobarse en el Senado este Plan B del L\u00f3pez Obrador, se ir\u00edan a la Suprema Corte de Justicia de la Naci\u00f3n, dijo que es bueno que se desenmascaren en este momento aquellos que quieren mantener los privilegios.<\/p>\n\n\n\n<p>\u201cDeja en claro quienes est\u00e1n a favor de la democracia y quienes no, la verdad es que para el Movimiento, para quienes estamos en el Movimiento que encabeza el movimiento, es importante que se deje muy claro, porque luego salen a buscar el voto de la gente y mienten con mucho descaro quienes dicen que est\u00e1n a a favor del pueblo y a la hora de tomar las decisiones van en contra\u201d, se\u00f1al\u00f3.<\/p>\n\n\n\n<p>Cuitl\u00e1huac Garc\u00eda dijo que este plan, despu\u00e9s de que la oposici\u00f3n evitar\u00e1 la reforma electoral, pretende disminuir los salarios \u201calt\u00edsimos\u201d de los funcionarios y consejeros electorales y cambios a la estructura para un ahorro de 3 mil 500 millones de pesos.<\/p>\n\n\n\n<p>\u201cEs una pol\u00edtica clara de austeridad que pretende igualar el costo de las elecciones con otros pa\u00edses, es irrisorio que en Estados Unidos las elecciones cuesten cinco veces menos de lo que cuestan en M\u00e9xico.<\/p>\n\n\n\n<p>Aplaudo a los diputados y legisladoras federales que aprobaron este plan B, que permitir\u00e1 que se tengan m\u00e1s recursos para atender las necesidades del pa\u00eds\u201d.<\/p>\n\n\n\n<p>Finalmente Garc\u00eda Jim\u00e9nez consider\u00f3 que en las pr\u00f3ximas elecciones a los candidatos a puestos de elecci\u00f3n popular se les podr\u00e1 recordar lo que hicieron en estas decisiones.<\/p>\n","protected":false},"excerpt":{"rendered":"<p>Dar\u00edo Pale Xalapa, Ver.- Conf\u00edan que el plan &#8220;B&#8221; en materia electoral presentada por el presidente Andr\u00e9s Manuel L\u00f3pez Obrador, sea aprobado en el Senado de la Rep\u00fablica, a fin de garantizar el ahorro de recursos en la operaci\u00f3n del Instituto Nacional Electoral, mismo que tiene el gasto m\u00e1s grande en elecciones a nivel internacional. [&hellip;]<\/p>\n","protected":false},"author":1,"featured_media":34257,"comment_status":"open","ping_status":"open","sticky":false,"template":"","format":"standard","meta":{"_jetpack_memberships_contains_paid_content":false,"footnotes":""},"categories":[2],"tags":[],"class_list":["post-34256","post","type-post","status-publish","format-standard","has-post-thumbnail","hentry","category-estado"],"jetpack_featured_media_url":"https:\/\/encuentroinformativo.com.mx\/wp-content\/uploads\/2022\/12\/9F274C2B-FE6F-498A-B23D-88450694DD83.jpeg","jetpack_sharing_enabled":true,"jetpack_likes_enabled":true,"amp_enabled":true,"_links":{"self":[{"href":"https:\/\/encuentroinformativo.com.mx\/index.php?rest_route=\/wp\/v2\/posts\/34256","targetHints":{"allow":["GET"]}}],"collection":[{"href":"https:\/\/encuentroinformativo.com.mx\/index.php?rest_route=\/wp\/v2\/posts"}],"about":[{"href":"https:\/\/encuentroinformativo.com.mx\/index.php?rest_route=\/wp\/v2\/types\/post"}],"author":[{"embeddable":true,"href":"https:\/\/encuentroinformativo.com.mx\/index.php?rest_route=\/wp\/v2\/users\/1"}],"replies":[{"embeddable":true,"href":"https:\/\/encuentroinformativo.com.mx\/index.php?rest_route=%2Fwp%2Fv2%2Fcomments&post=34256"}],"version-history":[{"count":1,"href":"https:\/\/encuentroinformativo.com.mx\/index.php?rest_route=\/wp\/v2\/posts\/34256\/revisions"}],"predecessor-version":[{"id":34258,"href":"https:\/\/encuentroinformativo.com.mx\/index.php?rest_route=\/wp\/v2\/posts\/34256\/revisions\/34258"}],"wp:featuredmedia":[{"embeddable":true,"href":"https:\/\/encuentroinformativo.com.mx\/index.php?rest_route=\/wp\/v2\/media\/34257"}],"wp:attachment":[{"href":"https:\/\/encuentroinformativo.com.mx\/index.php?rest_route=%2Fwp%2Fv2%2Fmedia&parent=34256"}],"wp:term":[{"taxonomy":"category","embeddable":true,"href":"https:\/\/encuentroinformativo.com.mx\/index.php?rest_route=%2Fwp%2Fv2%2Fcategories&post=34256"},{"taxonomy":"post_tag","embeddable":true,"href":"https:\/\/encuentroinformativo.com.mx\/index.php?rest_route=%2Fwp%2Fv2%2Ftags&post=34256"}],"curies":[{"name":"wp","href":"https:\/\/api.w.org\/{rel}","templated":true}]}}