{"id":34259,"date":"2022-12-08T15:05:09","date_gmt":"2022-12-08T21:05:09","guid":{"rendered":"https:\/\/encuentroinformativo.com.mx\/?p=34259"},"modified":"2022-12-08T15:05:12","modified_gmt":"2022-12-08T21:05:12","slug":"crimen-de-sindico-de-omealca-relacionado-con-delincuencia-acusa-gobernador","status":"publish","type":"post","link":"https:\/\/encuentroinformativo.com.mx\/?p=34259","title":{"rendered":"Crimen de s\u00edndico de Omealca relacionado con delincuencia, acusa Gobernador"},"content":{"rendered":"\n<p><strong>Dar\u00edo Pale <\/strong><\/p>\n\n\n\n<p>Xalapa, Ver.- El gobernador del estado Cuitl\u00e1huac Garc\u00eda Jim\u00e9nez dijo que en el caso del asesinato del s\u00edndico de Omealca, se trata de una disputa entre dos personajes de la delincuencia organizada, pertenecientes al mismo grupo delictivo, pero entraron en diferencia a partir de que quieren ampliar su zona de influencia.<\/p>\n\n\n\n<p>\u201cDesafortunadamente han cometido hechos de ajuste de cuentas y arrastraron al s\u00edndico, que ahora nos enteramos que entr\u00f3 en pl\u00e1ticas con uno alias \u201cEl Contador\u201d que ya fue ultimado por la misma banda en C\u00f3rdoba (\u2026) es el que era enlace entre el S\u00edndico y el grupo delictivo\u201d, se\u00f1al\u00f3.<\/p>\n\n\n\n<p>Ah\u00ed advirti\u00f3 que se dar\u00e1 con los responsables del asesinato del s\u00edndico de Omealca, incluso se tiene una l\u00ednea de investigaci\u00f3n de los presuntos responsables de estos hechos, independientemente de la actuaci\u00f3n del funcionario municipal.<\/p>\n\n\n\n<p><strong>Caso Tempoal<\/strong><\/p>\n\n\n\n<p>En otro orden de ideas tambi\u00e9n dio a conocer que la Fiscal\u00eda General del Estado (FGE), es quien debe determinar qu\u00e9 procede en el caso de los conflictos en el municipio de Tempoal donde el asesor y padre del presidente municipal impidi\u00f3 la entrada al palacio municipal a la s\u00edndica J\u00e9ssica Hern\u00e1ndez a la cual agredi\u00f3 f\u00edsicamente.<\/p>\n\n\n\n<p>\u201cEl hecho es grave, sucedi\u00f3 y se tiene que revisar en lo que se haya incurrido, no es posible que se haya agredido a una s\u00edndica, tiene que verse cu\u00e1l es la consecuencia legal en contra de quienes hayan realizado estos actos en contra de la sindica\u201d.<\/p>\n\n\n\n<p>Finalmente el mandatario sostuvo que en ning\u00fan de los dos casos, Sayula de Alem\u00e1n y Tempoal ha habido una situaci\u00f3n de violencia, m\u00e1s all\u00e1 de un empuj\u00f3n y declaraciones, por lo que debe dirimirse en los Cabildos.\u00a0<\/p>\n","protected":false},"excerpt":{"rendered":"<p>Dar\u00edo Pale Xalapa, Ver.- El gobernador del estado Cuitl\u00e1huac Garc\u00eda Jim\u00e9nez dijo que en el caso del asesinato del s\u00edndico de Omealca, se trata de una disputa entre dos personajes de la delincuencia organizada, pertenecientes al mismo grupo delictivo, pero entraron en diferencia a partir de que quieren ampliar su zona de influencia. \u201cDesafortunadamente han [&hellip;]<\/p>\n","protected":false},"author":1,"featured_media":51,"comment_status":"open","ping_status":"open","sticky":false,"template":"","format":"standard","meta":{"_jetpack_memberships_contains_paid_content":false,"footnotes":""},"categories":[14],"tags":[],"class_list":["post-34259","post","type-post","status-publish","format-standard","has-post-thumbnail","hentry","category-policiaca"],"jetpack_featured_media_url":"https:\/\/encuentroinformativo.com.mx\/wp-content\/uploads\/2020\/02\/img_7316.jpg","jetpack_sharing_enabled":true,"jetpack_likes_enabled":true,"amp_enabled":true,"_links":{"self":[{"href":"https:\/\/encuentroinformativo.com.mx\/index.php?rest_route=\/wp\/v2\/posts\/34259","targetHints":{"allow":["GET"]}}],"collection":[{"href":"https:\/\/encuentroinformativo.com.mx\/index.php?rest_route=\/wp\/v2\/posts"}],"about":[{"href":"https:\/\/encuentroinformativo.com.mx\/index.php?rest_route=\/wp\/v2\/types\/post"}],"author":[{"embeddable":true,"href":"https:\/\/encuentroinformativo.com.mx\/index.php?rest_route=\/wp\/v2\/users\/1"}],"replies":[{"embeddable":true,"href":"https:\/\/encuentroinformativo.com.mx\/index.php?rest_route=%2Fwp%2Fv2%2Fcomments&post=34259"}],"version-history":[{"count":1,"href":"https:\/\/encuentroinformativo.com.mx\/index.php?rest_route=\/wp\/v2\/posts\/34259\/revisions"}],"predecessor-version":[{"id":34260,"href":"https:\/\/encuentroinformativo.com.mx\/index.php?rest_route=\/wp\/v2\/posts\/34259\/revisions\/34260"}],"wp:featuredmedia":[{"embeddable":true,"href":"https:\/\/encuentroinformativo.com.mx\/index.php?rest_route=\/wp\/v2\/media\/51"}],"wp:attachment":[{"href":"https:\/\/encuentroinformativo.com.mx\/index.php?rest_route=%2Fwp%2Fv2%2Fmedia&parent=34259"}],"wp:term":[{"taxonomy":"category","embeddable":true,"href":"https:\/\/encuentroinformativo.com.mx\/index.php?rest_route=%2Fwp%2Fv2%2Fcategories&post=34259"},{"taxonomy":"post_tag","embeddable":true,"href":"https:\/\/encuentroinformativo.com.mx\/index.php?rest_route=%2Fwp%2Fv2%2Ftags&post=34259"}],"curies":[{"name":"wp","href":"https:\/\/api.w.org\/{rel}","templated":true}]}}