{"id":34261,"date":"2022-12-08T15:55:09","date_gmt":"2022-12-08T21:55:09","guid":{"rendered":"https:\/\/encuentroinformativo.com.mx\/?p=34261"},"modified":"2022-12-08T15:55:13","modified_gmt":"2022-12-08T21:55:13","slug":"alumnos-cantan-la-rama-para-recaudar-fondos-para-escuela-robada","status":"publish","type":"post","link":"https:\/\/encuentroinformativo.com.mx\/?p=34261","title":{"rendered":"Alumnos cantan &#8220;La Rama&#8221; para recaudar fondos para escuela robada"},"content":{"rendered":"\n<p><strong>Alejandro \u00c1vila<\/strong><\/p>\n\n\n\n<p>Veracruz, Ver.- Padres de familia, docentes y alumnos del k\u00ednder &#8220;Jos\u00e9 Azueta&#8221;, ubicado en la colonia C\u00e1ndido Aguilar del municipio de Veracruz, cantaron en el z\u00f3calo de la ciudad &#8220;La Rama&#8221;, pues buscan recaudar fondos para su plantel educativo que en d\u00edas pasados fue saqueado.<\/p>\n\n\n\n<p>La directora del jard\u00edn de ni\u00f1os, Ang\u00e9lica Angulo Serralde, se\u00f1al\u00f3 que se sale a cantar la rama cada diciembre para recaudar fondos para organizar los convivios de Navidad y de D\u00eda de Reyes; sin embargo, en esta ocasi\u00f3n lo que se logre juntar de dinero se destinar\u00e1 para rehabilitar el plantel y comprar material que los ni\u00f1os utilizan del diario en sus clases.<\/p>\n\n\n\n<p>\u201cSe llevaron material de los ni\u00f1os que ocupaban del diario, crayolas, tijeras, engrapadoras de las maestras, el mobiliario de los maestros, rompieron puertas, las canceler\u00edas donde ten\u00edan ellas sus pertenencias, rompieron todo, fue vandalismo\u201d, subray\u00f3.<\/p>\n\n\n\n<p>La directora del jard\u00edn de ni\u00f1os \u201cJos\u00e9 Azueta\u201d consider\u00f3 que ante las autoridades educativas no se tiene la posibilidad de recuperar lo que se robaron del plantel, debido a que se cuenta con una matr\u00edcula peque\u00f1a, por lo que por iniciativa de las madres de familia fue que se decidi\u00f3 salir a cantar la rama navide\u00f1a por las calles del Centro Hist\u00f3rico de la ciudad de Veracruz.<\/p>\n\n\n\n<p>Ang\u00e9lica Angulo Serralde dijo que otros robos se cometieron en el plantel durante la pandemia, pero el registrado el 11 de noviembre pasado fue el primero del 2022.<\/p>\n\n\n\n<p>Los padres de familia informaron que ya se present\u00f3 la denuncia correspondiente ante la Fiscal\u00eda Regional con la finalidad de que se d\u00e9 con los responsables del saqueo al jard\u00edn de ni\u00f1os.<\/p>\n\n\n\n<p>\u201cEstos tr\u00e1mites del gobierno la verdad que son bastantes largos y pues no nos van a recuperar las cosas como nosotros hubi\u00e9ramos querido, climas, hasta los climas se llevaron (\u2026) La escuela ha sido robada muchas, muchas, muchas veces, pero este a\u00f1o fue lo peor que nos pudo haber pasado\u201d, finaliz\u00f3.<\/p>\n","protected":false},"excerpt":{"rendered":"<p>Alejandro \u00c1vila Veracruz, Ver.- Padres de familia, docentes y alumnos del k\u00ednder &#8220;Jos\u00e9 Azueta&#8221;, ubicado en la colonia C\u00e1ndido Aguilar del municipio de Veracruz, cantaron en el z\u00f3calo de la ciudad &#8220;La Rama&#8221;, pues buscan recaudar fondos para su plantel educativo que en d\u00edas pasados fue saqueado. La directora del jard\u00edn de ni\u00f1os, Ang\u00e9lica Angulo [&hellip;]<\/p>\n","protected":false},"author":1,"featured_media":34262,"comment_status":"open","ping_status":"open","sticky":false,"template":"","format":"standard","meta":{"_jetpack_memberships_contains_paid_content":false,"footnotes":""},"categories":[2],"tags":[],"class_list":["post-34261","post","type-post","status-publish","format-standard","has-post-thumbnail","hentry","category-estado"],"jetpack_featured_media_url":"https:\/\/encuentroinformativo.com.mx\/wp-content\/uploads\/2022\/12\/F2FD8260-EE0B-4E73-804F-CE7235F39F7A.jpeg","jetpack_sharing_enabled":true,"jetpack_likes_enabled":true,"amp_enabled":true,"_links":{"self":[{"href":"https:\/\/encuentroinformativo.com.mx\/index.php?rest_route=\/wp\/v2\/posts\/34261","targetHints":{"allow":["GET"]}}],"collection":[{"href":"https:\/\/encuentroinformativo.com.mx\/index.php?rest_route=\/wp\/v2\/posts"}],"about":[{"href":"https:\/\/encuentroinformativo.com.mx\/index.php?rest_route=\/wp\/v2\/types\/post"}],"author":[{"embeddable":true,"href":"https:\/\/encuentroinformativo.com.mx\/index.php?rest_route=\/wp\/v2\/users\/1"}],"replies":[{"embeddable":true,"href":"https:\/\/encuentroinformativo.com.mx\/index.php?rest_route=%2Fwp%2Fv2%2Fcomments&post=34261"}],"version-history":[{"count":1,"href":"https:\/\/encuentroinformativo.com.mx\/index.php?rest_route=\/wp\/v2\/posts\/34261\/revisions"}],"predecessor-version":[{"id":34263,"href":"https:\/\/encuentroinformativo.com.mx\/index.php?rest_route=\/wp\/v2\/posts\/34261\/revisions\/34263"}],"wp:featuredmedia":[{"embeddable":true,"href":"https:\/\/encuentroinformativo.com.mx\/index.php?rest_route=\/wp\/v2\/media\/34262"}],"wp:attachment":[{"href":"https:\/\/encuentroinformativo.com.mx\/index.php?rest_route=%2Fwp%2Fv2%2Fmedia&parent=34261"}],"wp:term":[{"taxonomy":"category","embeddable":true,"href":"https:\/\/encuentroinformativo.com.mx\/index.php?rest_route=%2Fwp%2Fv2%2Fcategories&post=34261"},{"taxonomy":"post_tag","embeddable":true,"href":"https:\/\/encuentroinformativo.com.mx\/index.php?rest_route=%2Fwp%2Fv2%2Ftags&post=34261"}],"curies":[{"name":"wp","href":"https:\/\/api.w.org\/{rel}","templated":true}]}}