{"id":34264,"date":"2022-12-08T11:55:55","date_gmt":"2022-12-08T17:55:55","guid":{"rendered":"https:\/\/encuentroinformativo.com.mx\/?p=34264"},"modified":"2022-12-08T15:58:40","modified_gmt":"2022-12-08T21:58:40","slug":"en-senado-presentan-firmas-que-buscan-reduccion-de-tarifas-de-luz","status":"publish","type":"post","link":"https:\/\/encuentroinformativo.com.mx\/?p=34264","title":{"rendered":"En Senado, presentan firmas que buscan reducci\u00f3n de tarifas de luz"},"content":{"rendered":"\n<p><strong>Alejandro \u00c1vila<\/strong><\/p>\n\n\n\n<p>Veracruz, Ver.- Durante la comparecencia de la secretaria de Energ\u00eda, Roc\u00edo Nahle Garc\u00eda, el Senador Julen Rementer\u00eda del Puerto present\u00f3 un paquete de firmas que recab\u00f3 en toda la entidad veracruzana, d\u00f3nde los ciudadanos solicitan la reducci\u00f3n de las tarifas de energ\u00eda el\u00e9ctrica.<\/p>\n\n\n\n<p>Durante su participaci\u00f3n, el coordinador del Grupo Parlamentario del PAN, exhort\u00f3 a la secretaria de Energ\u00eda baje las tarifas de luz en Veracruz y condone la deuda el\u00e9ctrica en la entidad.<\/p>\n\n\n\n<p>El legislador veracruzano le pidi\u00f3 a Nahle Garc\u00eda no ser omisa ni indiferente ante el reclamo de 8 millones de veracruzanos que exigen una reducci\u00f3n en las altas tarifas el\u00e9ctricas.<\/p>\n\n\n\n<p>Rementer\u00eda del Puerto, durante su intervenci\u00f3n entreg\u00f3 un paquete de firmas que ha recopilado por casi toda la entidad veracruzana, donde los ciudadanos solicitan pagar menos de luz.<\/p>\n\n\n\n<p>\u201cEs lamentable que tenemos un Gobierno federal y local que no ayudan en las causas que realmente son importantes para la gente. Es el caso de la reclasificaci\u00f3n de las tarifas de energ\u00eda el\u00e9ctrica en Veracruz, la cual es una demanda de hace m\u00e1s de 15 a\u00f1os\u201d, refiri\u00f3.<\/p>\n\n\n\n<p>Julen Rementer\u00eda insisti\u00f3 en que los veracruzanos no piden ning\u00fan disparate, porque la condonaci\u00f3n y reducci\u00f3n de tarifas el\u00e9ctricas se hizo en Tabasco con menos evidencia t\u00e9cnica y mostr\u00f3 recibos de CFE, de veracruzanos que no pueden pagarlos por los altos costos.<\/p>\n\n\n\n<p>\u201cAqu\u00ed el recibo de luz de Margarito Rodr\u00edguez, de 33 mil pesos, un trabajador normal en Veracruz, no le hacen caso, no los puede pagar, claro que no; Eleazar Garc\u00eda, 25 mil. Y as\u00ed hay un mont\u00f3n de la gente y que no pueden pagar\u201d, expuso.<\/p>\n\n\n\n<p>As\u00ed tambi\u00e9n explic\u00f3 que en Veracruz con condiciones iguales, temperaturas superiores a los 33 grados y siendo un estado que participa en la generaci\u00f3n de energ\u00eda el\u00e9ctrica, simplemente se opta por el desprecio a la gente.<\/p>\n\n\n\n<p>Asimismo, el legislador remarc\u00f3 que continuar\u00e1 recorriendo la entidad para ser la voz de quienes piden tarifas el\u00e9ctricas justas.<\/p>\n\n\n\n<p>\u201cMe di a la tarea de recorrer el estado para recabar firmas que sustentan esta causa y lo seguir\u00e9 haciendo hasta que los veracruzanos sean escuchados, la reclasificaci\u00f3n de las tarifas est\u00e1 en manos de la Secretaria de Energ\u00eda, el Presidente y el Gobernador del estado de Veracruz. Es un acto de justicia para los veracruzanos, no pedimos m\u00e1s, pero tampoco menos\u201d, concluy\u00f3.<\/p>\n","protected":false},"excerpt":{"rendered":"<p>Alejandro \u00c1vila Veracruz, Ver.- Durante la comparecencia de la secretaria de Energ\u00eda, Roc\u00edo Nahle Garc\u00eda, el Senador Julen Rementer\u00eda del Puerto present\u00f3 un paquete de firmas que recab\u00f3 en toda la entidad veracruzana, d\u00f3nde los ciudadanos solicitan la reducci\u00f3n de las tarifas de energ\u00eda el\u00e9ctrica. Durante su participaci\u00f3n, el coordinador del Grupo Parlamentario del PAN, [&hellip;]<\/p>\n","protected":false},"author":1,"featured_media":34265,"comment_status":"open","ping_status":"open","sticky":false,"template":"","format":"standard","meta":{"_jetpack_memberships_contains_paid_content":false,"footnotes":""},"categories":[12],"tags":[],"class_list":["post-34264","post","type-post","status-publish","format-standard","has-post-thumbnail","hentry","category-nacional"],"jetpack_featured_media_url":"https:\/\/encuentroinformativo.com.mx\/wp-content\/uploads\/2022\/12\/10349225-3B40-422A-A407-9E1B44C37188.jpeg","jetpack_sharing_enabled":true,"jetpack_likes_enabled":true,"amp_enabled":true,"_links":{"self":[{"href":"https:\/\/encuentroinformativo.com.mx\/index.php?rest_route=\/wp\/v2\/posts\/34264","targetHints":{"allow":["GET"]}}],"collection":[{"href":"https:\/\/encuentroinformativo.com.mx\/index.php?rest_route=\/wp\/v2\/posts"}],"about":[{"href":"https:\/\/encuentroinformativo.com.mx\/index.php?rest_route=\/wp\/v2\/types\/post"}],"author":[{"embeddable":true,"href":"https:\/\/encuentroinformativo.com.mx\/index.php?rest_route=\/wp\/v2\/users\/1"}],"replies":[{"embeddable":true,"href":"https:\/\/encuentroinformativo.com.mx\/index.php?rest_route=%2Fwp%2Fv2%2Fcomments&post=34264"}],"version-history":[{"count":1,"href":"https:\/\/encuentroinformativo.com.mx\/index.php?rest_route=\/wp\/v2\/posts\/34264\/revisions"}],"predecessor-version":[{"id":34266,"href":"https:\/\/encuentroinformativo.com.mx\/index.php?rest_route=\/wp\/v2\/posts\/34264\/revisions\/34266"}],"wp:featuredmedia":[{"embeddable":true,"href":"https:\/\/encuentroinformativo.com.mx\/index.php?rest_route=\/wp\/v2\/media\/34265"}],"wp:attachment":[{"href":"https:\/\/encuentroinformativo.com.mx\/index.php?rest_route=%2Fwp%2Fv2%2Fmedia&parent=34264"}],"wp:term":[{"taxonomy":"category","embeddable":true,"href":"https:\/\/encuentroinformativo.com.mx\/index.php?rest_route=%2Fwp%2Fv2%2Fcategories&post=34264"},{"taxonomy":"post_tag","embeddable":true,"href":"https:\/\/encuentroinformativo.com.mx\/index.php?rest_route=%2Fwp%2Fv2%2Ftags&post=34264"}],"curies":[{"name":"wp","href":"https:\/\/api.w.org\/{rel}","templated":true}]}}