{"id":34273,"date":"2022-12-09T09:38:07","date_gmt":"2022-12-09T15:38:07","guid":{"rendered":"https:\/\/encuentroinformativo.com.mx\/?p=34273"},"modified":"2022-12-09T09:38:11","modified_gmt":"2022-12-09T15:38:11","slug":"sayula-en-relativa-paz","status":"publish","type":"post","link":"https:\/\/encuentroinformativo.com.mx\/?p=34273","title":{"rendered":"SAYULA\u2026 \u00bfEN RELATIVA PAZ?"},"content":{"rendered":"\n<p><strong>ColumnaSinNombre<br>@pablojair<\/strong><\/p>\n\n\n\n<ul class=\"wp-block-list\"><li>El legado de la diputada jarocha Rosamary.<\/li><li>Maestros detenidos, revela el secre Zenyazen.<\/li><li>Reconocen labor de Ram\u00f3n \u00c1lvarez en la SICT.<\/li><\/ul>\n\n\n\n<p>Otro Pedro Castillo est\u00e1 escondido atr\u00e1s del altar principal<br>de la iglesia de San Pedro en Minatitl\u00e1n<br>&#8211;Chopenjawer<\/p>\n\n\n\n<p>El conflicto de Sayula de Alem\u00e1n, si bien se mantiene aparentemente en calma, en realidad es algo que debe resolverse de tajo antes de que acabe el actual gobierno.<\/p>\n\n\n\n<p>El mismo gobernador Cuitl\u00e1huac Garc\u00eda Jim\u00e9nez celebr\u00f3 &#8211;en conferencia de prensa con reporteros de Xalapa&#8211; que no haya violencia en esa regi\u00f3n y todo se dirima ante las autoridades correspondientes.<\/p>\n\n\n\n<p>No obstante, dejar que esto se solucione por la v\u00eda pol\u00edtica o legal, beneficia mucho m\u00e1s a los grupos delincuenciales de la regi\u00f3n, pues saben que la actual administraci\u00f3n se va en menos de dos a\u00f1os y que el siguiente gobierno podr\u00eda dar o no seguimiento al tema, quedando vulnerables algunos personajes al perder la protecci\u00f3n pol\u00edtica, policiaca o militar.<\/p>\n\n\n\n<p>Los malandros se quedan, los gobernantes se van\u2026<\/p>\n\n\n\n<p>Si bien pareciera que todo apunta a un escenario ya muy previsible (continuidad de Morena en el Gobierno de Veracruz), en pol\u00edtica nada est\u00e1 dicho y todo puede cambiar de la noche a la ma\u00f1ana. No sabemos qu\u00e9 ideas tenga el pr\u00f3ximo gobernante, los acuerdos que pudieran hacer o tener, o por lo menos hacer creer.<\/p>\n\n\n\n<p>Por ejemplo: una foto que sorprendi\u00f3 a muchos en el c\u00edrculo pol\u00edtico de Veracruz, fue la de la aspirante Roc\u00edo Nahle con Damara G\u00f3mez Morales, una joven pol\u00edtica \u2014ahora cantante de m\u00fasica de banda\u2014 que ha sido dirigente juvenil del PRI, apoy\u00f3 a los Yunes en la pasada minigubernatura y ha estado buscando espacios en Morena. Si bien ha sido bateada de la c\u00fapula del poder estatal, personajes como ella ya llegaron a sentarse con la que podr\u00eda ser la primera gobernadora del estado, en la comodidad de su oficina y en corto, algo que muchos han querido hacer y no han podido conseguir.<\/p>\n\n\n\n<p>La joven y su madre Isabel Morales (ex s\u00edndica de Minatitl\u00e1n, de donde sali\u00f3 huyendo un tiempo al ser acusada de haber asesinado a su esposo, cargo por el cual finalmente sali\u00f3 exonerada) han estado acerc\u00e1ndose mucho a la 4T; recientemente se les vio en un evento de la tambi\u00e9n aspirante presidencial Claudia Sheinbaum.<\/p>\n\n\n\n<p>Si bien Nahle y Sheinbaum pueden decir que se han tomado fotos con todo mundo y tienen una pr\u00e1ctica de apertura con toda la poblaci\u00f3n, al final de cuentas ese tipo de acercamientos podr\u00edan crear decepci\u00f3n al simpatizante, sobre todo cuando en la Cuarta Transformaci\u00f3n han vendido bien la idea de que no hay pactos con criminales. Un ejemplo de lo anterior fue la foto de Fernando Yunes en un evento donde se encontraba el \u201cComandante H\u201d de Los Zetas, un esc\u00e1ndalo que golpe\u00f3 fuerte al proyecto pol\u00edtico-familiar.<\/p>\n\n\n\n<p>En el caso de Sayula de hecho fue m\u00e1s visible el asunto: a la salida de Hugo Guti\u00e9rrez de la Secretar\u00eda de Seguridad P\u00fablica, el que qued\u00f3 descobijado y sin protecci\u00f3n fue el &#8220;empresario&#8221; Erasmo V\u00e1zquez Gonz\u00e1lez (a) &#8220;El Chivo&#8221;. Al parecer, la salida del titular de la SSP (entre otras situaciones, como la balacera en Xalapa atr\u00e1s de sus oficinas) tuvo mucho qu\u00e9 ver con ese asunto de Sayula porque se estaba dando protecci\u00f3n a un personaje que busca a base de fuerza y violencia lograr el control de una zona prioritaria para el gobierno, pero que igual es considerada un punto estrat\u00e9gico desde hace muchos a\u00f1os por los c\u00e1rteles de las drogas.<\/p>\n\n\n\n<p>Le explico por si no conoce la zona: por Sayula pasa el Corredor Interoce\u00e1nico que unir\u00eda el Golfo de M\u00e9xico con el Istmo de Tehuantepec, lo que se convertir\u00eda &#8211;hipot\u00e9ticamente&#8211; en el nuevo paso entre los oc\u00e9anos Atl\u00e1ntico y Pac\u00edfico que podr\u00eda sustituir, al menos en una parte, al legendario Canal de Panam\u00e1. El caso del Corredor Interoce\u00e1nico (uno de los magnos proyectos de AMLO y su administraci\u00f3n), por ejemplo, ayudar\u00eda mucho al tr\u00e1nsito de mercanc\u00edas entre las costas este y oeste de Estados Unidos y Canad\u00e1.<\/p>\n\n\n\n<p>En esa regi\u00f3n durante a\u00f1os se ha sabido que tambi\u00e9n hay pistas clandestinas para aterrizaje de avionetas con contrabando (regularmente droga), adem\u00e1s de que es un paso com\u00fan de ganado robado, inmigrantes que se cuelan desde Chiapas, etc., y viajan por la Carretera Federal 185, mejor conocida como Carretera Trans\u00edstmica, que atraviesa la regi\u00f3n del Istmo de Tehuantepec y une a los puertos de Salina Cruz, Oaxaca y Coatzacoalcos, Veracruz.<\/p>\n\n\n\n<p>Ese municipio se ha convertido en la manzana de la discordia, pues desde hace d\u00e9cadas ha estado bajo el control de grupos delincuenciales que operan bajo la fachada de agricultores o ganaderos que tambi\u00e9n tuvieron la protecci\u00f3n pol\u00edtica de los gobiernos pri\u00edstas de Veracruz. Cuando se dio la transici\u00f3n al panismo de dos a\u00f1os en el periodo 2016-2018, quienes apoyaron al entonces gobernador Miguel \u00c1ngel Yunes Linares fueron estos grupos encabezados por Erasmo V\u00e1zquez.<\/p>\n\n\n\n<p>La llegada de la actual alcaldesa de Morena, Lorena S\u00e1nchez Vargas, fue tambi\u00e9n con el apoyo de Erasmo y su gente, queriendo a la vez imponer a funcionarios municipales en el Ayuntamiento, tal como lo hac\u00eda su hermano Cirilo V\u00e1zquez Lagunes, el malogrado cacique del sur, asesinado en 2006.<\/p>\n\n\n\n<p>De hecho (ya lo hemos comentado en esta columna) el modus operandi de &#8220;El Chivo&#8221; es el mismo que el de Cirilo: controlar las tesorer\u00edas, las obras p\u00fablicas y la Polic\u00eda Municipal para as\u00ed disponer de dinero, contratos y seguridad personal con \u201ccharola oficial\u201d, donde pueden incrustar pistoleros y sicarios como funcionarios municipales.<\/p>\n\n\n\n<p>La denuncia de la alcaldesa el pasado mes de agosto en medios nacionales, retumb\u00f3 en el estado cuando se\u00f1al\u00f3 a Erasmo como la persona que busca presionarla para controlar el Ayuntamiento. La revelaci\u00f3n desat\u00f3 el esc\u00e1ndalo y el conflicto que el gobernador Cuitl\u00e1huac dice que afortunadamente se est\u00e1 dirimiendo en paz.<\/p>\n\n\n\n<p>Por otra parte, a la alcaldesa la se\u00f1alan de estar presuntamente ligada sentimentalmente con un miembro de la familia Condado Escamilla, de nombre Ramiro, a quien tambi\u00e9n en alg\u00fan momento se le vincul\u00f3 con un grupo de la delincuencia organizada en el sur de Veracruz, y es por eso que tiene l\u00f3gica cuando la versi\u00f3n semioficial desde Palacio de Gobierno es que se mantiene una disputa entre grupos.<\/p>\n\n\n\n<p>Sin embargo, s\u00ed ha sido muy notable la acci\u00f3n del gobierno estatal enviando se\u00f1ales de que &#8211;por fin&#8211; ya estar\u00edan encaminados en meter orden en la zona en coordinaci\u00f3n con fuerzas federales. Lo anterior se puede comprobar con la detenci\u00f3n del tesorero de Sayula, Rafael Gonz\u00e1lez C\u00e1rdenas, quien fue detenido en flagrancia portando armas con un pistolero\/escolta. Otra se\u00f1al ha sido que Erasmo V\u00e1zquez ha estado arremetiendo en redes sociales contra autoridades de Veracruz, quiz\u00e1s sintiendo que no tarda en ser el siguiente, aunque se tardaron cuatro a\u00f1os en entenderlo en Palacio de Gobierno.<\/p>\n\n\n\n<p>Si el gobierno ya ha decidido meter orden teniendo en cuenta la prioridad del proyecto del Corredor Interoce\u00e1nico, lo anterior ya deber\u00eda ser con una permanente presencia de fuerzas federales en conjunto con las polic\u00edas estatales de Oaxaca y Veracruz, pero con verdadera presencia y no dejar que los ciclos regulares de gobierno se conviertan en un cambio inestable de panorama pol\u00edtico a merced de los grupos delincuenciales que s\u00f3lo est\u00e1n esperando, agazapados, a que termine la actual administraci\u00f3n para entenderse con los que vienen.<\/p>\n\n\n\n<p>No se debe obviar que la elecci\u00f3n del 2024 implica la renovaci\u00f3n de la Presidencia y la Gubernatura, por lo cual regiones como \u00e9sta en el pa\u00eds, se convierten en escenario de la disputa de los c\u00e1rteles nacionales que deciden apoyar a candidatos que consideran a modo.<\/p>\n\n\n\n<p>Sobre todo, es importante para los estrategas del gobierno estatal que se esfuercen en dimensionar que aunque aparentemente los grupos de poder y delictivos con control pol\u00edtico en esa amplia regi\u00f3n (desde Acayucan hasta las zonas lim\u00edtrofes con Chiapas y Oaxaca) est\u00e1n aparentemente al margen, sus intereses siguen intactos, y en la medida en que adviertan el natural declive del gobierno estatal, buscar\u00e1n reposicionarse.<\/p>\n\n\n\n<p>Por cierto, ya se ubica al &#8220;Chivo&#8221; porque se empina s\u00f3lo en las redes sociales\u2026 \u00bfPor d\u00f3nde andar\u00e1 otro de los que controlan la zona: el ex alcalde Fredy Ayala?<\/p>\n\n\n\n<p><strong>NOTA PARA PEGAR EN EL REFRI:<\/strong> Muchas felicidades a la diputada federal Rosa Mar\u00eda Hern\u00e1ndez Espejo, quien impuls\u00f3 como secretaria de la Comisi\u00f3n de Radio y Televisi\u00f3n, junto con los radiodifusores de provincia el proyecto de decreto por el que se reforma y adicionan los art\u00edculos 100, 102 y 114 de la Ley Federal de Telecomunicaciones y Radiodifusi\u00f3n fue aprobado, que ajusta los criterios para determinar el monto de la contraprestaci\u00f3n a radiodifusores y televisi\u00f3n en la renovaci\u00f3n de sus concesiones, as\u00ed como la posibilidad de pagarlo en anualidades\u2026 Al posicionar desde a m\u00e1s alta tribuna de la Naci\u00f3n, Hern\u00e1ndez Espejo dijo que con la aprobaci\u00f3n de este Dictamen \u201cse fortalece a la industria de la radio y la televisi\u00f3n conformada en su mayor\u00eda por peque\u00f1os y medianos concesionarios para continuar siendo el instrumento para ejercer el derecho de libertad de expresi\u00f3n y comunicarnos a trav\u00e9s del don de la palabra hablada\u201d\u2026 Dicha industria sostiene m\u00e1s de 350 mil empleos directos y en el 2021 atrajo inversi\u00f3n extranjera por 31 mil, 426 millones de d\u00f3lares, es justo resarcir tanto da\u00f1o causado a la industria con las reformas aprobadas sin consenso en el 2013 con la derogaci\u00f3n de la Ley de Radio y Televisi\u00f3n y la creaci\u00f3n de la Ley Federal de Telecomunicaciones.<\/p>\n\n\n\n<p><strong>OTRA NOTA:<\/strong> El titular de la Secretar\u00eda de Educaci\u00f3n de Veracruz (SEV), Zenyazen Escobar Garc\u00eda, dio a conocer que recientemente fueron cesados cuatro maestros, uno en el Puerto de Veracruz y tres en C\u00f3rdoba, por acusaciones de madres y padres de familia de presunto abuso sexual a una alumna. En entrevista, mencion\u00f3 que en el puerto de Veracruz fueron cuatro de cinco familias las que presentaron la denuncia ante la Fiscal\u00eda General del Estado (FGE) y que este d\u00eda esperaba a las familias en la SEV para poder platicar con ellos, aunque lamentablemente no pudieron acudir. Respecto al caso del municipio de C\u00f3rdoba, tambi\u00e9n por presunto abuso sexual, se\u00f1al\u00f3 que fueron cesados tres trabajadores de la educaci\u00f3n y que la familia present\u00f3 la denuncia correspondiente ante la FGE\u2026 Informaci\u00f3n de la reportera Karla M\u00e9ndez.<\/p>\n\n\n\n<p><strong>LA \u00daLTIMA PORQUE ESTOY ENTRE QUE VOY O NO VOY POR UNOS CIGARROS: <\/strong>Amplio reconocimiento al trabajo del director del Centro estatal de la Secretar\u00eda de Infraestructura, Comunicaciones y Transportes (SICT) ingeniero Ram\u00f3n \u00c1lvarez Font\u00e1n durante la comparecencia del titular de la SICT, ingeniero Jorge Nu\u00f1o Lara, como parte de la Glosa del Cuarto Informe de Gobierno ante las Comisiones Unidas de Comunicaciones y Transportes y de Infraestructura. La diputada veracruzana Lorena Pi\u00f1\u00f3n Rivera pidi\u00f3 que el resto de los directores multipliquen la manera de trabajar del titular del Centro Veracruz y la atenci\u00f3n que ha tenido con los alcaldes de todos los colores, as\u00ed como el profesionalismo con el que ha trabajado.<\/p>\n","protected":false},"excerpt":{"rendered":"<p>ColumnaSinNombre@pablojair El legado de la diputada jarocha Rosamary. Maestros detenidos, revela el secre Zenyazen. Reconocen labor de Ram\u00f3n \u00c1lvarez en la SICT. Otro Pedro Castillo est\u00e1 escondido atr\u00e1s del altar principalde la iglesia de San Pedro en Minatitl\u00e1n&#8211;Chopenjawer El conflicto de Sayula de Alem\u00e1n, si bien se mantiene aparentemente en calma, en realidad es algo [&hellip;]<\/p>\n","protected":false},"author":1,"featured_media":488,"comment_status":"open","ping_status":"open","sticky":false,"template":"","format":"standard","meta":{"_jetpack_memberships_contains_paid_content":false,"footnotes":""},"categories":[11],"tags":[],"class_list":["post-34273","post","type-post","status-publish","format-standard","has-post-thumbnail","hentry","category-opinion"],"jetpack_featured_media_url":"https:\/\/encuentroinformativo.com.mx\/wp-content\/uploads\/2020\/03\/F471F608-BA1A-416B-BA7B-BCFB24F4E6D0.jpeg","jetpack_sharing_enabled":true,"jetpack_likes_enabled":true,"amp_enabled":true,"_links":{"self":[{"href":"https:\/\/encuentroinformativo.com.mx\/index.php?rest_route=\/wp\/v2\/posts\/34273","targetHints":{"allow":["GET"]}}],"collection":[{"href":"https:\/\/encuentroinformativo.com.mx\/index.php?rest_route=\/wp\/v2\/posts"}],"about":[{"href":"https:\/\/encuentroinformativo.com.mx\/index.php?rest_route=\/wp\/v2\/types\/post"}],"author":[{"embeddable":true,"href":"https:\/\/encuentroinformativo.com.mx\/index.php?rest_route=\/wp\/v2\/users\/1"}],"replies":[{"embeddable":true,"href":"https:\/\/encuentroinformativo.com.mx\/index.php?rest_route=%2Fwp%2Fv2%2Fcomments&post=34273"}],"version-history":[{"count":1,"href":"https:\/\/encuentroinformativo.com.mx\/index.php?rest_route=\/wp\/v2\/posts\/34273\/revisions"}],"predecessor-version":[{"id":34274,"href":"https:\/\/encuentroinformativo.com.mx\/index.php?rest_route=\/wp\/v2\/posts\/34273\/revisions\/34274"}],"wp:featuredmedia":[{"embeddable":true,"href":"https:\/\/encuentroinformativo.com.mx\/index.php?rest_route=\/wp\/v2\/media\/488"}],"wp:attachment":[{"href":"https:\/\/encuentroinformativo.com.mx\/index.php?rest_route=%2Fwp%2Fv2%2Fmedia&parent=34273"}],"wp:term":[{"taxonomy":"category","embeddable":true,"href":"https:\/\/encuentroinformativo.com.mx\/index.php?rest_route=%2Fwp%2Fv2%2Fcategories&post=34273"},{"taxonomy":"post_tag","embeddable":true,"href":"https:\/\/encuentroinformativo.com.mx\/index.php?rest_route=%2Fwp%2Fv2%2Ftags&post=34273"}],"curies":[{"name":"wp","href":"https:\/\/api.w.org\/{rel}","templated":true}]}}