{"id":34277,"date":"2022-12-09T10:10:59","date_gmt":"2022-12-09T16:10:59","guid":{"rendered":"https:\/\/encuentroinformativo.com.mx\/?p=34277"},"modified":"2022-12-09T10:11:02","modified_gmt":"2022-12-09T16:11:02","slug":"dos-heridos-tras-enfrentamiento-armado-en-veracruz-puerto","status":"publish","type":"post","link":"https:\/\/encuentroinformativo.com.mx\/?p=34277","title":{"rendered":"Dos heridos tras enfrentamiento armado en Veracruz puerto"},"content":{"rendered":"\n<p><strong>Alejandro \u00c1vila<\/strong><\/p>\n\n\n\n<p><strong>Fotos: <\/strong>Sergio Aldazaba\/Cortes\u00eda <\/p>\n\n\n\n<p>Veracruz, Ver.- Dos persona resultaron heridas tras un enfrentamiento armado registrado en la avenida J.B. Lobos en el municipio de Veracruz la noche de este jueves.<\/p>\n\n\n\n<p>Los hechos se registraron a la altura del fraccionamiento Xana entre la Polic\u00eda Municipal y un grupo delincuencial.<\/p>\n\n\n\n<p>Seg\u00fan testigos, la patrulla detect\u00f3 un veh\u00edculo sospechoso al cual le pidi\u00f3 detenerse a la altura de la calle \u00darsulo Galv\u00e1n, justo en la entrada del mencionado recinto habitacional.<\/p>\n\n\n\n<p>Los ocupantes abrieron fuego contra la unidad policial, adem\u00e1s de que los tripulantes de otro auto que estaba a unos metros tambi\u00e9n comenzaron a disparar, por lo que los oficiales repelieron la agresi\u00f3n.<\/p>\n\n\n\n<p>En la refriega, las esquirlas de los proyectiles alcanzaron a lesionar a una peque\u00f1a ni\u00f1a de entre 3 y 4 a\u00f1os de edad, as\u00ed como a un trabajador de un corral\u00f3n que se encontraba a unos metros y presenci\u00f3 el hecho.<\/p>\n\n\n\n<p>Este \u00faltimo hombre alcanz\u00f3 a reaccionar y tom\u00f3 a la ni\u00f1a en sus brazos, jal\u00f3 a su mam\u00e1 y corrieron a esconderse detr\u00e1s de un veh\u00edculo, mientras los responsables se daban a la fuga y la patrulla iba detr\u00e1s de ellos.<\/p>\n\n\n\n<p>La mam\u00e1 de la menor decidi\u00f3 abordar un taxi y trasladarla a una cl\u00ednica por su cuenta para no esperar a la ambulancia, ya que presentaba tres rozones de proyectil en la espalda, en tanto la patrulla ya no pudo avanzar m\u00e1s que unos metros.<\/p>\n\n\n\n<p>T\u00e9cnicos en Urgencias M\u00e9dicas de la Cruz Roja acudieron hasta dicho sector para brindarle los primeros auxilios al otro lesionado que tuvo heridas similares en el abdomen y la pantorrilla, pero se neg\u00f3 a ser trasladado a un hospital.<\/p>\n\n\n\n<p>Elementos de la Polic\u00eda Estatal, Guardia Nacional, Fuerza Civil y Polic\u00eda Naval acudieron en apoyo e implementaron un dispositivo de seguridad en los alrededores para dar con los responsables, pero sin resultados positivos.<\/p>\n\n\n\n<p>Cabe mencionar que las balas perdidas tambi\u00e9n alcanzaron a da\u00f1ar una camioneta que se encontraba estacionada en JB Lobos, de la cual sus ocupantes tuvieron que esperar a la llegada de la Fiscal\u00eda General del Estado.<\/p>\n\n\n\n<figure class=\"wp-block-image size-large\"><img loading=\"lazy\" decoding=\"async\" width=\"1024\" height=\"678\" src=\"https:\/\/encuentroinformativo.com.mx\/wp-content\/uploads\/2022\/12\/DD8AF6F7-F64E-4456-BD8C-A9CEC13DC641-1024x678.jpeg\" alt=\"\" class=\"wp-image-34279\" srcset=\"https:\/\/encuentroinformativo.com.mx\/wp-content\/uploads\/2022\/12\/DD8AF6F7-F64E-4456-BD8C-A9CEC13DC641-1024x678.jpeg 1024w, https:\/\/encuentroinformativo.com.mx\/wp-content\/uploads\/2022\/12\/DD8AF6F7-F64E-4456-BD8C-A9CEC13DC641-300x199.jpeg 300w, https:\/\/encuentroinformativo.com.mx\/wp-content\/uploads\/2022\/12\/DD8AF6F7-F64E-4456-BD8C-A9CEC13DC641-768x508.jpeg 768w, https:\/\/encuentroinformativo.com.mx\/wp-content\/uploads\/2022\/12\/DD8AF6F7-F64E-4456-BD8C-A9CEC13DC641-1536x1017.jpeg 1536w, https:\/\/encuentroinformativo.com.mx\/wp-content\/uploads\/2022\/12\/DD8AF6F7-F64E-4456-BD8C-A9CEC13DC641.jpeg 1600w\" sizes=\"auto, (max-width: 1024px) 100vw, 1024px\" \/><\/figure>\n","protected":false},"excerpt":{"rendered":"<p>Alejandro \u00c1vila Fotos: Sergio Aldazaba\/Cortes\u00eda Veracruz, Ver.- Dos persona resultaron heridas tras un enfrentamiento armado registrado en la avenida J.B. Lobos en el municipio de Veracruz la noche de este jueves. Los hechos se registraron a la altura del fraccionamiento Xana entre la Polic\u00eda Municipal y un grupo delincuencial. Seg\u00fan testigos, la patrulla detect\u00f3 un [&hellip;]<\/p>\n","protected":false},"author":1,"featured_media":34278,"comment_status":"open","ping_status":"open","sticky":false,"template":"","format":"standard","meta":{"_jetpack_memberships_contains_paid_content":false,"footnotes":""},"categories":[14],"tags":[],"class_list":["post-34277","post","type-post","status-publish","format-standard","has-post-thumbnail","hentry","category-policiaca"],"jetpack_featured_media_url":"https:\/\/encuentroinformativo.com.mx\/wp-content\/uploads\/2022\/12\/FF34C8B4-5E2A-4260-838E-29DEEBE0E2FB.jpeg","jetpack_sharing_enabled":true,"jetpack_likes_enabled":true,"amp_enabled":true,"_links":{"self":[{"href":"https:\/\/encuentroinformativo.com.mx\/index.php?rest_route=\/wp\/v2\/posts\/34277","targetHints":{"allow":["GET"]}}],"collection":[{"href":"https:\/\/encuentroinformativo.com.mx\/index.php?rest_route=\/wp\/v2\/posts"}],"about":[{"href":"https:\/\/encuentroinformativo.com.mx\/index.php?rest_route=\/wp\/v2\/types\/post"}],"author":[{"embeddable":true,"href":"https:\/\/encuentroinformativo.com.mx\/index.php?rest_route=\/wp\/v2\/users\/1"}],"replies":[{"embeddable":true,"href":"https:\/\/encuentroinformativo.com.mx\/index.php?rest_route=%2Fwp%2Fv2%2Fcomments&post=34277"}],"version-history":[{"count":1,"href":"https:\/\/encuentroinformativo.com.mx\/index.php?rest_route=\/wp\/v2\/posts\/34277\/revisions"}],"predecessor-version":[{"id":34280,"href":"https:\/\/encuentroinformativo.com.mx\/index.php?rest_route=\/wp\/v2\/posts\/34277\/revisions\/34280"}],"wp:featuredmedia":[{"embeddable":true,"href":"https:\/\/encuentroinformativo.com.mx\/index.php?rest_route=\/wp\/v2\/media\/34278"}],"wp:attachment":[{"href":"https:\/\/encuentroinformativo.com.mx\/index.php?rest_route=%2Fwp%2Fv2%2Fmedia&parent=34277"}],"wp:term":[{"taxonomy":"category","embeddable":true,"href":"https:\/\/encuentroinformativo.com.mx\/index.php?rest_route=%2Fwp%2Fv2%2Fcategories&post=34277"},{"taxonomy":"post_tag","embeddable":true,"href":"https:\/\/encuentroinformativo.com.mx\/index.php?rest_route=%2Fwp%2Fv2%2Ftags&post=34277"}],"curies":[{"name":"wp","href":"https:\/\/api.w.org\/{rel}","templated":true}]}}