{"id":34284,"date":"2022-12-09T11:58:40","date_gmt":"2022-12-09T17:58:40","guid":{"rendered":"https:\/\/encuentroinformativo.com.mx\/?p=34284"},"modified":"2022-12-09T11:58:44","modified_gmt":"2022-12-09T17:58:44","slug":"localizan-en-alamo-cuerpo-sin-vida-de-militar-reportado-como-desaparecido","status":"publish","type":"post","link":"https:\/\/encuentroinformativo.com.mx\/?p=34284","title":{"rendered":"Localizan en \u00c1lamo cuerpo sin vida de militar reportado como desaparecido"},"content":{"rendered":"\n<p><strong>Alejandro \u00c1vila<\/strong><\/p>\n\n\n\n<p>\u00c1lamo Temapache, Ver.- La noche de este jueves fue localizado en la carretera \u00c1lamo &#8211; Ixhuatl\u00e1n a la altura de la localidad La Barranca, el cuerpo sin vida de una persona qu\u00e9 horas despu\u00e9s fue identificado como personal de la Secretar\u00eda de la Defensa Nacional (SEDENA).<\/p>\n\n\n\n<p>Las autoridades confirmaron que se trataba del cuerpo de Bernardo S\u00e1nchez Casta\u00f1eda integrante del 74 Batall\u00f3n de Infanter\u00eda, el cual hab\u00eda sido reportado c\u00f3mo desaparecido en d\u00edas anteriores.<\/p>\n\n\n\n<p>El joven de apenas 21 a\u00f1os de edad, quien en vida respond\u00eda al nombre de Bernardo S\u00e1nchez Casta\u00f1eda, ten\u00eda su domicilio en la localidad de la Defensa fue localizo a un costado de la carretera por habitantes de la comunidad, por lo que el agente municipal realizo el reporta de lo sucedido al 911.<\/p>\n\n\n\n<p>Se inform\u00f3 que el hoy occiso despareci\u00f3 desde el pasado lunes, cuando sus padres perdieron todo contacto con \u00e9l, asimismo se mencion\u00f3 que se encontraba asignado a la base de \u00c1lamo, la cual se localiza en la antigua carretera \u00c1lamo-Tihuatl\u00e1n a la altura del estero del \u00cddolo, pero el dia de su desaparici\u00f3n se encontraba franco,&nbsp;<\/p>\n\n\n\n<p>El cuerpo de Bernardo presentaba varias heridas provocadas por un arma de fuego, hasta el momento no se ha informado de los motivos de su ejecuci\u00f3n, por lo que se espera que lleven a cabo las investigaciones correspondientes por parte de las autoridades competentes.<\/p>\n\n\n\n<p>Elementos del servicio m\u00e9dico forense, fueron los encargados de realizar el levantamiento del cad\u00e1ver, para posteriormente trasladarlo hacia el SEMEFO en donde se le realizara la necrocirugia de rigor, para que posteriormente pueda ser entregado a sus familiares y estos le den cristiana sepultura.<\/p>\n","protected":false},"excerpt":{"rendered":"<p>Alejandro \u00c1vila \u00c1lamo Temapache, Ver.- La noche de este jueves fue localizado en la carretera \u00c1lamo &#8211; Ixhuatl\u00e1n a la altura de la localidad La Barranca, el cuerpo sin vida de una persona qu\u00e9 horas despu\u00e9s fue identificado como personal de la Secretar\u00eda de la Defensa Nacional (SEDENA). Las autoridades confirmaron que se trataba del [&hellip;]<\/p>\n","protected":false},"author":1,"featured_media":34285,"comment_status":"open","ping_status":"open","sticky":false,"template":"","format":"standard","meta":{"_jetpack_memberships_contains_paid_content":false,"footnotes":""},"categories":[14],"tags":[],"class_list":["post-34284","post","type-post","status-publish","format-standard","has-post-thumbnail","hentry","category-policiaca"],"jetpack_featured_media_url":"https:\/\/encuentroinformativo.com.mx\/wp-content\/uploads\/2022\/12\/1ED2FFB4-6221-4BA0-9A32-CDE12AD6B018.jpeg","jetpack_sharing_enabled":true,"jetpack_likes_enabled":true,"amp_enabled":true,"_links":{"self":[{"href":"https:\/\/encuentroinformativo.com.mx\/index.php?rest_route=\/wp\/v2\/posts\/34284","targetHints":{"allow":["GET"]}}],"collection":[{"href":"https:\/\/encuentroinformativo.com.mx\/index.php?rest_route=\/wp\/v2\/posts"}],"about":[{"href":"https:\/\/encuentroinformativo.com.mx\/index.php?rest_route=\/wp\/v2\/types\/post"}],"author":[{"embeddable":true,"href":"https:\/\/encuentroinformativo.com.mx\/index.php?rest_route=\/wp\/v2\/users\/1"}],"replies":[{"embeddable":true,"href":"https:\/\/encuentroinformativo.com.mx\/index.php?rest_route=%2Fwp%2Fv2%2Fcomments&post=34284"}],"version-history":[{"count":1,"href":"https:\/\/encuentroinformativo.com.mx\/index.php?rest_route=\/wp\/v2\/posts\/34284\/revisions"}],"predecessor-version":[{"id":34286,"href":"https:\/\/encuentroinformativo.com.mx\/index.php?rest_route=\/wp\/v2\/posts\/34284\/revisions\/34286"}],"wp:featuredmedia":[{"embeddable":true,"href":"https:\/\/encuentroinformativo.com.mx\/index.php?rest_route=\/wp\/v2\/media\/34285"}],"wp:attachment":[{"href":"https:\/\/encuentroinformativo.com.mx\/index.php?rest_route=%2Fwp%2Fv2%2Fmedia&parent=34284"}],"wp:term":[{"taxonomy":"category","embeddable":true,"href":"https:\/\/encuentroinformativo.com.mx\/index.php?rest_route=%2Fwp%2Fv2%2Fcategories&post=34284"},{"taxonomy":"post_tag","embeddable":true,"href":"https:\/\/encuentroinformativo.com.mx\/index.php?rest_route=%2Fwp%2Fv2%2Ftags&post=34284"}],"curies":[{"name":"wp","href":"https:\/\/api.w.org\/{rel}","templated":true}]}}