{"id":34297,"date":"2022-12-10T11:57:16","date_gmt":"2022-12-10T17:57:16","guid":{"rendered":"https:\/\/encuentroinformativo.com.mx\/?p=34297"},"modified":"2022-12-10T11:57:21","modified_gmt":"2022-12-10T17:57:21","slug":"vuelve-en-2023-el-medio-maraton-de-veracruz","status":"publish","type":"post","link":"https:\/\/encuentroinformativo.com.mx\/?p=34297","title":{"rendered":"Vuelve en 2023 el Medio Marat\u00f3n de Veracruz"},"content":{"rendered":"\n<p><strong>Alejandro \u00c1vila<\/strong><\/p>\n\n\n\n<p>Veracruz, Ver.- El pr\u00f3ximo 15 de enero del 2023 se volver\u00e1 a realizar el Medio Marat\u00f3n de Veracruz puerto.<\/p>\n\n\n\n<p>Esta ser\u00e1 la edici\u00f3n 17, la cual es para congregar a fondistas locales, estatales, regionales, nacionales y de origen extranjero. El evento se realizar\u00e1 el domingo 15 de enero a partir de las 06:30 horas.<\/p>\n\n\n\n<p>El punto de salida ser\u00e1 el bulevard &#8220;Manuel \u00c1vila Camacho&#8221; a la altura de la Universidad Tercer Milenio en el municipio de Boca del R\u00edo, la meta estar\u00e1 al interior de la Facultad de Educaci\u00f3n F\u00edsica de la UV, en donde los participantes dar\u00e1n una vuelta a la pista de atletismo y cruzar\u00e1n la zona de llegada.<\/p>\n\n\n\n<p>Uno de los mejores eventos en medio fondo a nivel nacional reaparece tras unos a\u00f1os de ausencia debido a la pandemia por Covid-17. La distancia de este magno evento deportivo es de 21,097.5\u00ba metros y est\u00e1 certificada por la Federaci\u00f3n Mexicana de Atletismo.<\/p>\n\n\n\n<p>Presidieron la conferencia de prensa, el Coordinador general del Medio Marat\u00f3n Puerto de Veracruz, Rodolfo Vel\u00e1squez Pacheco; acompa\u00f1ado por el Coordinador t\u00e9cnico y de log\u00edstica, V\u00edctor Manuel Paz Cinta; del Director de Fomento Deportivo Veracruz, Jos\u00e9 Salvatori Arjona, que acudi\u00f3 en representaci\u00f3n del municipio.<\/p>\n\n\n\n<p>\u201cHa sido un poco complicado despues de la espera, forzados por la pandemia, casi tres a\u00f1os; tomamos precauciones porque la \u00faltima vez que convocamos en el 2020 eran unos 8 mil corredores, esta vez tuvimos que ir sobre 4 mil porque no sabemos lo que va a pasar al regreso. La carrera es un evento por dem\u00e1s importante, por eso volvemos con nuestro aporte a la sociedad&#8221;.<\/p>\n\n\n\n<p>Al momento, se dijo, se cuenta con 2 mil 422 corredores inscritos, siendo el 75% de ellos de origen for\u00e1neo.<\/p>\n\n\n\n<p>La bolsa de premiaci\u00f3n considerando las categor\u00edas participantes, en ambas ramas superar\u00e1 los 360 mil pesos en esta edici\u00f3n 17 del Medio Marat\u00f3n Puerto de Veracruz, revelaron los integrantes del Comit\u00e9 organizador.<\/p>\n","protected":false},"excerpt":{"rendered":"<p>Alejandro \u00c1vila Veracruz, Ver.- El pr\u00f3ximo 15 de enero del 2023 se volver\u00e1 a realizar el Medio Marat\u00f3n de Veracruz puerto. Esta ser\u00e1 la edici\u00f3n 17, la cual es para congregar a fondistas locales, estatales, regionales, nacionales y de origen extranjero. El evento se realizar\u00e1 el domingo 15 de enero a partir de las 06:30 [&hellip;]<\/p>\n","protected":false},"author":1,"featured_media":34298,"comment_status":"open","ping_status":"open","sticky":false,"template":"","format":"standard","meta":{"_jetpack_memberships_contains_paid_content":false,"footnotes":""},"categories":[2],"tags":[],"class_list":["post-34297","post","type-post","status-publish","format-standard","has-post-thumbnail","hentry","category-estado"],"jetpack_featured_media_url":"https:\/\/encuentroinformativo.com.mx\/wp-content\/uploads\/2022\/12\/3E714967-F065-475A-8E1C-F28DA882541F.jpeg","jetpack_sharing_enabled":true,"jetpack_likes_enabled":true,"amp_enabled":true,"_links":{"self":[{"href":"https:\/\/encuentroinformativo.com.mx\/index.php?rest_route=\/wp\/v2\/posts\/34297","targetHints":{"allow":["GET"]}}],"collection":[{"href":"https:\/\/encuentroinformativo.com.mx\/index.php?rest_route=\/wp\/v2\/posts"}],"about":[{"href":"https:\/\/encuentroinformativo.com.mx\/index.php?rest_route=\/wp\/v2\/types\/post"}],"author":[{"embeddable":true,"href":"https:\/\/encuentroinformativo.com.mx\/index.php?rest_route=\/wp\/v2\/users\/1"}],"replies":[{"embeddable":true,"href":"https:\/\/encuentroinformativo.com.mx\/index.php?rest_route=%2Fwp%2Fv2%2Fcomments&post=34297"}],"version-history":[{"count":1,"href":"https:\/\/encuentroinformativo.com.mx\/index.php?rest_route=\/wp\/v2\/posts\/34297\/revisions"}],"predecessor-version":[{"id":34299,"href":"https:\/\/encuentroinformativo.com.mx\/index.php?rest_route=\/wp\/v2\/posts\/34297\/revisions\/34299"}],"wp:featuredmedia":[{"embeddable":true,"href":"https:\/\/encuentroinformativo.com.mx\/index.php?rest_route=\/wp\/v2\/media\/34298"}],"wp:attachment":[{"href":"https:\/\/encuentroinformativo.com.mx\/index.php?rest_route=%2Fwp%2Fv2%2Fmedia&parent=34297"}],"wp:term":[{"taxonomy":"category","embeddable":true,"href":"https:\/\/encuentroinformativo.com.mx\/index.php?rest_route=%2Fwp%2Fv2%2Fcategories&post=34297"},{"taxonomy":"post_tag","embeddable":true,"href":"https:\/\/encuentroinformativo.com.mx\/index.php?rest_route=%2Fwp%2Fv2%2Ftags&post=34297"}],"curies":[{"name":"wp","href":"https:\/\/api.w.org\/{rel}","templated":true}]}}