{"id":34300,"date":"2022-12-10T12:06:02","date_gmt":"2022-12-10T18:06:02","guid":{"rendered":"https:\/\/encuentroinformativo.com.mx\/?p=34300"},"modified":"2022-12-10T12:06:05","modified_gmt":"2022-12-10T18:06:05","slug":"xalapena-logra-podium-mundial-en-colombia","status":"publish","type":"post","link":"https:\/\/encuentroinformativo.com.mx\/?p=34300","title":{"rendered":"Xalape\u00f1a logra podium mundial en Colombia"},"content":{"rendered":"\n<p><strong>Alejandro \u00c1vila<\/strong><\/p>\n\n\n\n<p>Veracruz, Ver.- La xalape\u00f1a Ana Gabriela L\u00f3pez Ferrer logr\u00f3 dos preseas en el Campeonato Mundial de Levantamiento de Pesas celebrado en Colombia, convirti\u00e9ndose en la primer mexicana en lograr est\u00e1 haza\u00f1a.<\/p>\n\n\n\n<p>La veracruzana obtuvo medalla de plata y bronce en general en la divisi\u00f3n de los 55 kilogramos de peso corporal, en el certamen que se realiza en Bogot\u00e1, Colombia.&nbsp;<\/p>\n\n\n\n<p>L\u00f3pez Ferrer particip\u00f3 por \u00faltima vez en la divisi\u00f3n de los 55 kilogramos de peso corporal, la cual ya no ser\u00e1 categor\u00eda ol\u00edmpica en Par\u00eds 2024. La veracruzana tuvo una actuaci\u00f3n destacada al agenciarse la medalla de plata con una marca de en Arranque de 90 kilogramos, un kilo m\u00e1s que la colombiana Rosalba Morales quien alz\u00f3 89 kilogramos.&nbsp;<\/p>\n\n\n\n<p>La pesista veracruzana se qued\u00f3 con la presea de bronce en general con un total de 198 kilogramos, producto de sus 90 kilogramos en Arranque y 108 kilogramos en envi\u00f3n.&nbsp;<\/p>\n\n\n\n<p>En los pasados Juegos Ol\u00edmpicos de Tokio 2020, Ana Gabriela se qued\u00f3 con el noveno sitio en la categor\u00eda de 55 kilos de peso corporal luego de levantar 90 en arranque y 105 en envi\u00f3n, para un total de 195.&nbsp;&nbsp;<\/p>\n\n\n\n<p>Ana Gabriela revel\u00f3 luego de conseguir sus preseas en este Mundial en Colombia, que su pr\u00f3ximo objetivo es lograr un podio en los pr\u00f3ximos Juegos Ol\u00edmpicos Par\u00eds 2024, \u201cvamos en el camino correcto\u201d, afirm\u00f3.&nbsp;<\/p>\n","protected":false},"excerpt":{"rendered":"<p>Alejandro \u00c1vila Veracruz, Ver.- La xalape\u00f1a Ana Gabriela L\u00f3pez Ferrer logr\u00f3 dos preseas en el Campeonato Mundial de Levantamiento de Pesas celebrado en Colombia, convirti\u00e9ndose en la primer mexicana en lograr est\u00e1 haza\u00f1a. La veracruzana obtuvo medalla de plata y bronce en general en la divisi\u00f3n de los 55 kilogramos de peso corporal, en el [&hellip;]<\/p>\n","protected":false},"author":1,"featured_media":34301,"comment_status":"open","ping_status":"open","sticky":false,"template":"","format":"standard","meta":{"_jetpack_memberships_contains_paid_content":false,"footnotes":""},"categories":[2],"tags":[],"class_list":["post-34300","post","type-post","status-publish","format-standard","has-post-thumbnail","hentry","category-estado"],"jetpack_featured_media_url":"https:\/\/encuentroinformativo.com.mx\/wp-content\/uploads\/2022\/12\/02179E77-F0F6-491A-A55D-999E2A02C107.jpeg","jetpack_sharing_enabled":true,"jetpack_likes_enabled":true,"amp_enabled":true,"_links":{"self":[{"href":"https:\/\/encuentroinformativo.com.mx\/index.php?rest_route=\/wp\/v2\/posts\/34300","targetHints":{"allow":["GET"]}}],"collection":[{"href":"https:\/\/encuentroinformativo.com.mx\/index.php?rest_route=\/wp\/v2\/posts"}],"about":[{"href":"https:\/\/encuentroinformativo.com.mx\/index.php?rest_route=\/wp\/v2\/types\/post"}],"author":[{"embeddable":true,"href":"https:\/\/encuentroinformativo.com.mx\/index.php?rest_route=\/wp\/v2\/users\/1"}],"replies":[{"embeddable":true,"href":"https:\/\/encuentroinformativo.com.mx\/index.php?rest_route=%2Fwp%2Fv2%2Fcomments&post=34300"}],"version-history":[{"count":1,"href":"https:\/\/encuentroinformativo.com.mx\/index.php?rest_route=\/wp\/v2\/posts\/34300\/revisions"}],"predecessor-version":[{"id":34302,"href":"https:\/\/encuentroinformativo.com.mx\/index.php?rest_route=\/wp\/v2\/posts\/34300\/revisions\/34302"}],"wp:featuredmedia":[{"embeddable":true,"href":"https:\/\/encuentroinformativo.com.mx\/index.php?rest_route=\/wp\/v2\/media\/34301"}],"wp:attachment":[{"href":"https:\/\/encuentroinformativo.com.mx\/index.php?rest_route=%2Fwp%2Fv2%2Fmedia&parent=34300"}],"wp:term":[{"taxonomy":"category","embeddable":true,"href":"https:\/\/encuentroinformativo.com.mx\/index.php?rest_route=%2Fwp%2Fv2%2Fcategories&post=34300"},{"taxonomy":"post_tag","embeddable":true,"href":"https:\/\/encuentroinformativo.com.mx\/index.php?rest_route=%2Fwp%2Fv2%2Ftags&post=34300"}],"curies":[{"name":"wp","href":"https:\/\/api.w.org\/{rel}","templated":true}]}}