{"id":34303,"date":"2022-12-10T12:45:23","date_gmt":"2022-12-10T18:45:23","guid":{"rendered":"https:\/\/encuentroinformativo.com.mx\/?p=34303"},"modified":"2022-12-10T12:45:27","modified_gmt":"2022-12-10T18:45:27","slug":"en-tihuatlan-toman-protesta-a-nuevo-dirigente-de-la-cnc-en-veracruz","status":"publish","type":"post","link":"https:\/\/encuentroinformativo.com.mx\/?p=34303","title":{"rendered":"En Tihuatl\u00e1n toman protesta a nuevo dirigente de la CNC en Veracruz"},"content":{"rendered":"\n<p><strong>Alejandro \u00c1vila<\/strong><\/p>\n\n\n\n<p>Tihuatl\u00e1n, Ver. &#8211; La Confederaci\u00f3n Nacional Campesina (CNC) en Veracruz tiene nuevo presidente a nivel estatal, se trata de Manuel Guerrero S\u00e1nchez, quien rindi\u00f3 protesta para el ciclo 2022 &#8211; 2026.<\/p>\n\n\n\n<p>La encargada de tomar protesta al nuevo l\u00edder campesino en Veracruz, fue la dirigente nacional de esta organizaci\u00f3n, Leticia Barrera Maldonado, ante el j\u00fabilo de los agremiados que se congregaron en las instalaciones de la asociaci\u00f3n ganadera del municipio de Tihuatlan.&nbsp;<\/p>\n\n\n\n<p>En su mensaje el nuevo dirigente de la CNC reconoci\u00f3 el reto asumido en esta entidad y anunci\u00f3 un proceso de fortalecimiento y reestructuraci\u00f3n desde las bases.<\/p>\n\n\n\n<p>Leticia Barrera Maldonado asever\u00f3 que con el fortalecimiento de la CNC, se concretan las estrategias en defensa en contra de la desaparici\u00f3n de la Financiera Nacional de Desarrollo Agropecuario, Rural, Forestal y Pesquero.&nbsp;<\/p>\n\n\n\n<p>De lo anterior, manifest\u00f3 que dicha instituci\u00f3n es la \u00fanica que otorga una tasa de inter\u00e9s baja en cr\u00e9ditos para el sector productivo en el pa\u00eds y, se est\u00e1 solicitando a la bancada de oposici\u00f3n a Morena defenderla, de lo contrario ser\u00eda un duro golpe para los productores de M\u00e9xico.<\/p>\n","protected":false},"excerpt":{"rendered":"<p>Alejandro \u00c1vila Tihuatl\u00e1n, Ver. &#8211; La Confederaci\u00f3n Nacional Campesina (CNC) en Veracruz tiene nuevo presidente a nivel estatal, se trata de Manuel Guerrero S\u00e1nchez, quien rindi\u00f3 protesta para el ciclo 2022 &#8211; 2026. La encargada de tomar protesta al nuevo l\u00edder campesino en Veracruz, fue la dirigente nacional de esta organizaci\u00f3n, Leticia Barrera Maldonado, ante [&hellip;]<\/p>\n","protected":false},"author":1,"featured_media":34304,"comment_status":"open","ping_status":"open","sticky":false,"template":"","format":"standard","meta":{"_jetpack_memberships_contains_paid_content":false,"footnotes":""},"categories":[2],"tags":[],"class_list":["post-34303","post","type-post","status-publish","format-standard","has-post-thumbnail","hentry","category-estado"],"jetpack_featured_media_url":"https:\/\/encuentroinformativo.com.mx\/wp-content\/uploads\/2022\/12\/FD6A5D24-9A41-4C62-B3E5-93EB94B6B16B.jpeg","jetpack_sharing_enabled":true,"jetpack_likes_enabled":true,"amp_enabled":true,"_links":{"self":[{"href":"https:\/\/encuentroinformativo.com.mx\/index.php?rest_route=\/wp\/v2\/posts\/34303","targetHints":{"allow":["GET"]}}],"collection":[{"href":"https:\/\/encuentroinformativo.com.mx\/index.php?rest_route=\/wp\/v2\/posts"}],"about":[{"href":"https:\/\/encuentroinformativo.com.mx\/index.php?rest_route=\/wp\/v2\/types\/post"}],"author":[{"embeddable":true,"href":"https:\/\/encuentroinformativo.com.mx\/index.php?rest_route=\/wp\/v2\/users\/1"}],"replies":[{"embeddable":true,"href":"https:\/\/encuentroinformativo.com.mx\/index.php?rest_route=%2Fwp%2Fv2%2Fcomments&post=34303"}],"version-history":[{"count":1,"href":"https:\/\/encuentroinformativo.com.mx\/index.php?rest_route=\/wp\/v2\/posts\/34303\/revisions"}],"predecessor-version":[{"id":34305,"href":"https:\/\/encuentroinformativo.com.mx\/index.php?rest_route=\/wp\/v2\/posts\/34303\/revisions\/34305"}],"wp:featuredmedia":[{"embeddable":true,"href":"https:\/\/encuentroinformativo.com.mx\/index.php?rest_route=\/wp\/v2\/media\/34304"}],"wp:attachment":[{"href":"https:\/\/encuentroinformativo.com.mx\/index.php?rest_route=%2Fwp%2Fv2%2Fmedia&parent=34303"}],"wp:term":[{"taxonomy":"category","embeddable":true,"href":"https:\/\/encuentroinformativo.com.mx\/index.php?rest_route=%2Fwp%2Fv2%2Fcategories&post=34303"},{"taxonomy":"post_tag","embeddable":true,"href":"https:\/\/encuentroinformativo.com.mx\/index.php?rest_route=%2Fwp%2Fv2%2Ftags&post=34303"}],"curies":[{"name":"wp","href":"https:\/\/api.w.org\/{rel}","templated":true}]}}