{"id":34316,"date":"2022-12-10T14:34:11","date_gmt":"2022-12-10T20:34:11","guid":{"rendered":"https:\/\/encuentroinformativo.com.mx\/?p=34316"},"modified":"2022-12-10T14:34:18","modified_gmt":"2022-12-10T20:34:18","slug":"los-feminicidios-flagelo-de-veracruz-reconoce-ivm","status":"publish","type":"post","link":"https:\/\/encuentroinformativo.com.mx\/?p=34316","title":{"rendered":"Los feminicidios flagelo de Veracruz, reconoce IVM"},"content":{"rendered":"\n<p><strong>Dar\u00edo Pale <\/strong><\/p>\n\n\n\n<p>Xalapa, Ver.- Los Feminicidios siguen siendo un flagelo que sigue vigente en Veracruz, as\u00ed lo se\u00f1al\u00f3 Mar\u00eda del Roc\u00edo Villafuerte Mart\u00ednez, encargada del despacho del Instituto Veracruzano de las Mujeres (IVM).<\/p>\n\n\n\n<p>Entrevistada previo a la <strong>Rodada Naranja <\/strong>por los derechos de las mujeres, fue cuestionada sobre los feminicidios de Rosa Isela en el puerto y de una menor de identidad resguardada en Coatzacoalcos, consider\u00f3 que lo que se debe hacer desde las instituciones es trabajar en la prevenci\u00f3n.<\/p>\n\n\n\n<p>Por lo anterior, asegur\u00f3 que en Veracruz se construyen estrategias que siguen la inercia nacional y mundial.<\/p>\n\n\n\n<p>&#8220;Estamos construyendo redes de mujeres que vamos a hacer paz, las redes de mujeres constructoras de paz, as\u00ed como el empoderamiento de las mujeres, tenemos que convencernos a nosotros mismos que tenemos que buscar tolerancia, paz, igualdad, servicio, una convivencia afable entre todas y todos&#8221;, se\u00f1al\u00f3.<\/p>\n\n\n\n<p>Afirm\u00f3 que los protocolos de investigaci\u00f3n que se inician como feminicidios en Veracruz es una m\u00e1xima que acata la Fiscal\u00eda General del Estado, lo que permite hacer las diligencias de investigaci\u00f3n m\u00e1s r\u00e1pidas, m\u00e1s \u00e1giles, con perspectiva de g\u00e9nero y de derechos humanos.<\/p>\n\n\n\n<p>&#8220;As\u00ed ha sido siempre la instrucci\u00f3n del Gobernador y los \u00f3rganos aut\u00f3nomos como la Fiscal\u00eda lo tienen establecido entre sus normas oficiales, lo que tenemos que hacer los ciudadanos es sumarnos al pronunciamiento y buscar la convivencia arm\u00f3nica&#8221;, coment\u00f3.<\/p>\n\n\n\n<p>En torno a los 16 d\u00edas de activismo, explic\u00f3 que busca hacer una acci\u00f3n que diga a los ciudadanos que el pronunciamiento es por la paz, por cubrir a las ni\u00f1as y mujeres para que no haya m\u00e1s violencia y se haga realidad aquello de que las mujeres tienen derecho a vivir una vida libre de violencia.<\/p>\n\n\n\n<p>Finalmente dio a conocer que, &#8220;lamentablemente han visto que nos hace falta camino por hacer, estos 16 d\u00edas hemos trabajado y es mundial. Todas las instituciones, las personas, los tres \u00f3rdenes de Gobierno, se hacen demostraciones de color naranja para efecto de decir que todas y todos estamos a favor de la paz y el cuidado por las mujeres y las ni\u00f1as&#8221;<\/p>\n","protected":false},"excerpt":{"rendered":"<p>Dar\u00edo Pale Xalapa, Ver.- Los Feminicidios siguen siendo un flagelo que sigue vigente en Veracruz, as\u00ed lo se\u00f1al\u00f3 Mar\u00eda del Roc\u00edo Villafuerte Mart\u00ednez, encargada del despacho del Instituto Veracruzano de las Mujeres (IVM). Entrevistada previo a la Rodada Naranja por los derechos de las mujeres, fue cuestionada sobre los feminicidios de Rosa Isela en el [&hellip;]<\/p>\n","protected":false},"author":1,"featured_media":34317,"comment_status":"open","ping_status":"open","sticky":false,"template":"","format":"standard","meta":{"_jetpack_memberships_contains_paid_content":false,"footnotes":""},"categories":[2],"tags":[],"class_list":["post-34316","post","type-post","status-publish","format-standard","has-post-thumbnail","hentry","category-estado"],"jetpack_featured_media_url":"https:\/\/encuentroinformativo.com.mx\/wp-content\/uploads\/2022\/12\/6C68C450-741D-4A0B-A18F-A4F7C93F6A07.jpeg","jetpack_sharing_enabled":true,"jetpack_likes_enabled":true,"amp_enabled":true,"_links":{"self":[{"href":"https:\/\/encuentroinformativo.com.mx\/index.php?rest_route=\/wp\/v2\/posts\/34316","targetHints":{"allow":["GET"]}}],"collection":[{"href":"https:\/\/encuentroinformativo.com.mx\/index.php?rest_route=\/wp\/v2\/posts"}],"about":[{"href":"https:\/\/encuentroinformativo.com.mx\/index.php?rest_route=\/wp\/v2\/types\/post"}],"author":[{"embeddable":true,"href":"https:\/\/encuentroinformativo.com.mx\/index.php?rest_route=\/wp\/v2\/users\/1"}],"replies":[{"embeddable":true,"href":"https:\/\/encuentroinformativo.com.mx\/index.php?rest_route=%2Fwp%2Fv2%2Fcomments&post=34316"}],"version-history":[{"count":1,"href":"https:\/\/encuentroinformativo.com.mx\/index.php?rest_route=\/wp\/v2\/posts\/34316\/revisions"}],"predecessor-version":[{"id":34318,"href":"https:\/\/encuentroinformativo.com.mx\/index.php?rest_route=\/wp\/v2\/posts\/34316\/revisions\/34318"}],"wp:featuredmedia":[{"embeddable":true,"href":"https:\/\/encuentroinformativo.com.mx\/index.php?rest_route=\/wp\/v2\/media\/34317"}],"wp:attachment":[{"href":"https:\/\/encuentroinformativo.com.mx\/index.php?rest_route=%2Fwp%2Fv2%2Fmedia&parent=34316"}],"wp:term":[{"taxonomy":"category","embeddable":true,"href":"https:\/\/encuentroinformativo.com.mx\/index.php?rest_route=%2Fwp%2Fv2%2Fcategories&post=34316"},{"taxonomy":"post_tag","embeddable":true,"href":"https:\/\/encuentroinformativo.com.mx\/index.php?rest_route=%2Fwp%2Fv2%2Ftags&post=34316"}],"curies":[{"name":"wp","href":"https:\/\/api.w.org\/{rel}","templated":true}]}}