{"id":34326,"date":"2022-12-11T12:31:41","date_gmt":"2022-12-11T18:31:41","guid":{"rendered":"https:\/\/encuentroinformativo.com.mx\/?p=34326"},"modified":"2022-12-11T12:31:45","modified_gmt":"2022-12-11T18:31:45","slug":"una-pausa-necesaria","status":"publish","type":"post","link":"https:\/\/encuentroinformativo.com.mx\/?p=34326","title":{"rendered":"Una pausa necesaria"},"content":{"rendered":"\n<p><strong>Columna de Opini\u00f3n <\/strong><\/p>\n\n\n\n<p><strong>Zaira Rosas<\/strong><\/p>\n\n\n\n<p>Uno de los artistas m\u00e1s reconocidos del momento, que se ha posicionado como el #1 en g\u00e9nero urbano y ha llenado estadios alrededor del mundo, ha anunciado que durante el 2023 se tomar\u00e1 un descanso. Me refiero a Benito Mart\u00ednez, mejor conocido como Bad Bunny. El cantante anunci\u00f3 que el 2023 ser\u00e1 para su salud f\u00edsica y su salud emocional, para disfrutar sus logros.&nbsp;<\/p>\n\n\n\n<p>Aunque podr\u00edamos ver a las figuras p\u00fablicas como seres \u00fanicos, inagotables, que tienen todo a su alcance, lo cierto es que son igual de humanos que cualquiera, quienes de igual forma son parte de un reflejo social que en esta era donde hemos priorizado el hacer por encima del ser nos grita en todos los espacios cu\u00e1n urgente es una pausa para que el andar continuo y sin descanso no termine en un alto total.&nbsp;<\/p>\n\n\n\n<p>A finales de 2020 y principios de 2021, J Balvin, otra figura p\u00fablica anunci\u00f3 que estaba lidiando con ataques de ansiedad y depresi\u00f3n, quiz\u00e1s el anuncio no fue tan sorpresivo porque un gran porcentaje de la poblaci\u00f3n padec\u00eda lo mismo debido al encierro de la pandemia, sin embargo, el que personas con un gran n\u00famero de seguidores hablen de estos temas, hace que comencemos a cuestionarnos \u00bfqu\u00e9 tan normal es vivir as\u00ed? \u00bfpor qu\u00e9 si un gran n\u00famero de personas comienza a experimentar limitaciones en su vida personal y profesional seguimos estigmatizando el tema?<\/p>\n\n\n\n<p>La depresi\u00f3n y la ansiedad forman parte de una larga lista de padecimientos de salud mental que cada vez se est\u00e1 incrementando en m\u00faltiples espacios.&nbsp;El que distintas personalidades hablen de ello pese a contar con todo lo que otras personas podr\u00edan describir como una vida ideal, nos habla de un profundo vac\u00edo que se ha generado por exigir de m\u00e1s a nuestros cuerpos y mentes.&nbsp;<\/p>\n\n\n\n<p>En 2021 durante los juegos ol\u00edmpicos de Tokio, quien lleg\u00f3 a ser considerada la gimnasta n\u00famero 1 del mundo, decidi\u00f3 retirarse de la competencia para priorizar su salud mental. El anuncio fue sorpresivo, pero hizo evidente algo que todos conoc\u00edamos, el nivel de exigencia que implica para un deportista el alto rendimiento, la frustraci\u00f3n detr\u00e1s de cada competencia pese a conseguir todos los triunfos, cada medalla tiene en realidad un precio m\u00e1s alto que pocos observamos.&nbsp;<\/p>\n\n\n\n<p>El problema de no hablar de la salud mental es que no la entendemos, los padecimientos que comienzan con un mal manejo de emociones, por qu\u00e9 tampoco sabemos distinguirlas, terminan manifest\u00e1ndose f\u00edsicamente. Puedes estar disfrutando de un d\u00eda normal y en un instante sentir que algo te oprime el pecho, que el aire falta y lo asociamos de manera inmediata con un infarto. S\u00f3lo quien verdaderamente ha sufrido la impotencia de no entender a tu cuerpo y no conocer&nbsp;que la mente es realmente poderosa, puede saber que en realidad se trata de un ataque de ansiedad, algo que, aunque se experimenta f\u00edsicamente, una vez que se hagan pruebas m\u00e9dicas dir\u00e1n que quiz\u00e1s no sea nada de lo que imaginas.&nbsp;<\/p>\n\n\n\n<p>La ansiedad y la depresi\u00f3n pueden llegar a ser verdaderamente incapacitantes, pero rara vez se otorgan incapacidades para quien simplemente no se siente con ganas de ir a trabajar, porque hemos priorizado la necesidad de producir y cumplir. Otro gran problema de la salud mental est\u00e1 en la econom\u00eda, no s\u00f3lo es una causa de estos padecimientos, sino que, como consecuencia, son muy pocas las personas que pueden tener acceso a un tratamiento psicol\u00f3gico.&nbsp;<\/p>\n\n\n\n<p>Es urgente tocar estos temas dentro de las pol\u00edticas p\u00fablicas, implementarlos de base en la educaci\u00f3n, para que desde temprana edad entendamos qu\u00e9 nos dicen nuestras emociones y sobre todo reconocer que somos humanos, cuya diferencia con otras especies est\u00e1 en el pensamiento, pero tambi\u00e9n en el sentir, en esta inteligencia que no es \u00fanicamente l\u00f3gica o racional sino tambi\u00e9n emocional, pero muchos a\u00fan estamos aprendiendo a desarrollarla.&nbsp;<\/p>\n","protected":false},"excerpt":{"rendered":"<p>Columna de Opini\u00f3n Zaira Rosas Uno de los artistas m\u00e1s reconocidos del momento, que se ha posicionado como el #1 en g\u00e9nero urbano y ha llenado estadios alrededor del mundo, ha anunciado que durante el 2023 se tomar\u00e1 un descanso. Me refiero a Benito Mart\u00ednez, mejor conocido como Bad Bunny. El cantante anunci\u00f3 que el [&hellip;]<\/p>\n","protected":false},"author":1,"featured_media":387,"comment_status":"open","ping_status":"open","sticky":false,"template":"","format":"standard","meta":{"_jetpack_memberships_contains_paid_content":false,"footnotes":""},"categories":[11],"tags":[],"class_list":["post-34326","post","type-post","status-publish","format-standard","has-post-thumbnail","hentry","category-opinion"],"jetpack_featured_media_url":"https:\/\/encuentroinformativo.com.mx\/wp-content\/uploads\/2020\/03\/7CF8A22B-2764-47BE-8F7F-38FE9E5D6A2F.jpeg","jetpack_sharing_enabled":true,"jetpack_likes_enabled":true,"amp_enabled":true,"_links":{"self":[{"href":"https:\/\/encuentroinformativo.com.mx\/index.php?rest_route=\/wp\/v2\/posts\/34326","targetHints":{"allow":["GET"]}}],"collection":[{"href":"https:\/\/encuentroinformativo.com.mx\/index.php?rest_route=\/wp\/v2\/posts"}],"about":[{"href":"https:\/\/encuentroinformativo.com.mx\/index.php?rest_route=\/wp\/v2\/types\/post"}],"author":[{"embeddable":true,"href":"https:\/\/encuentroinformativo.com.mx\/index.php?rest_route=\/wp\/v2\/users\/1"}],"replies":[{"embeddable":true,"href":"https:\/\/encuentroinformativo.com.mx\/index.php?rest_route=%2Fwp%2Fv2%2Fcomments&post=34326"}],"version-history":[{"count":1,"href":"https:\/\/encuentroinformativo.com.mx\/index.php?rest_route=\/wp\/v2\/posts\/34326\/revisions"}],"predecessor-version":[{"id":34327,"href":"https:\/\/encuentroinformativo.com.mx\/index.php?rest_route=\/wp\/v2\/posts\/34326\/revisions\/34327"}],"wp:featuredmedia":[{"embeddable":true,"href":"https:\/\/encuentroinformativo.com.mx\/index.php?rest_route=\/wp\/v2\/media\/387"}],"wp:attachment":[{"href":"https:\/\/encuentroinformativo.com.mx\/index.php?rest_route=%2Fwp%2Fv2%2Fmedia&parent=34326"}],"wp:term":[{"taxonomy":"category","embeddable":true,"href":"https:\/\/encuentroinformativo.com.mx\/index.php?rest_route=%2Fwp%2Fv2%2Fcategories&post=34326"},{"taxonomy":"post_tag","embeddable":true,"href":"https:\/\/encuentroinformativo.com.mx\/index.php?rest_route=%2Fwp%2Fv2%2Ftags&post=34326"}],"curies":[{"name":"wp","href":"https:\/\/api.w.org\/{rel}","templated":true}]}}