{"id":34328,"date":"2022-12-11T14:05:03","date_gmt":"2022-12-11T20:05:03","guid":{"rendered":"https:\/\/encuentroinformativo.com.mx\/?p=34328"},"modified":"2022-12-11T14:05:06","modified_gmt":"2022-12-11T20:05:06","slug":"piden-ambientalistas-reforma-a-ley-minera","status":"publish","type":"post","link":"https:\/\/encuentroinformativo.com.mx\/?p=34328","title":{"rendered":"Piden ambientalistas reforma a Ley Minera"},"content":{"rendered":"\n<p><strong>Juan Arcos <\/strong><\/p>\n\n\n\n<p>Xalapa, Ver.- En lo que va del presente periodo de sesiones en el Congreso de la Uni\u00f3n, la \u201cColectiva Cambi\u00e9mosla Ya\u201d elabor\u00f3 y present\u00f3 cuatro iniciativas de reforma a la Ley Minera, para contrarrestar los da\u00f1os que estos proyectos ocasionan, siendo Veracruz una de las entidades donde m\u00e1s ha incrementado esta actividad.<\/p>\n\n\n\n<p>Consideran indispensable que quienes legislan, aprueben las modificaciones propuestas, pues est\u00e1n sustentadas en las obligaciones que en materia de derechos humanos y derechos ind\u00edgenas tiene el Estado Mexicano.<\/p>\n\n\n\n<p>Los especialistas pretenden retirar el car\u00e1cter de preferente y de utilidad p\u00fablica que hoy tiene la miner\u00eda (exceptuando el litio) sobre cualquier otro uso del territorio (art\u00edculo 19 de la Ley Minera).<\/p>\n\n\n\n<p>Tambi\u00e9n buscan modificar el r\u00e9gimen de prohibiciones a la actividad minera, estableciendo restricciones a la actividad minera en \u00e1reas naturales protegidas, cerca de cuerpos de agua, cerca de n\u00facleos poblacionales y de zonas s\u00edsmicas , as\u00ed como prohibir la miner\u00eda a cielo abierto, la miner\u00eda submarina y la miner\u00eda en pocitos de carb\u00f3n. (Adici\u00f3n del art\u00edculo 15 bis a la Ley Minera).<\/p>\n\n\n\n<p>Los ambientalistas sugieren separar las concesiones mineras actuales en una concesi\u00f3n para exploraci\u00f3n y una para explotaci\u00f3n y garantizar el derecho de las comunidades ind\u00edgenas y equiparables a ser consultadas y a otorgar su consentimiento de manera previa, libre e informada a los proyectos mineros.<\/p>\n\n\n\n<p>Asimismo, consideran necesario recortar la duraci\u00f3n de las concesiones mineras que actualmente es de 50 a\u00f1os extensibles a 50 a\u00f1os m\u00e1s y reducir la extensi\u00f3n de la concesi\u00f3n minera (reforma a los art\u00edculos 13, 13 Bis 15, 19 fracci\u00f3n I, VII y XII, 22, 23, 27 y 46 fracci\u00f3n VI de la Ley Minera).<\/p>\n\n\n\n<p>Finalmente, proponen garantizar que la informaci\u00f3n reservada de los proyectos mineros sea puesta a disposici\u00f3n del p\u00fablico en virtud de que M\u00e9xico ratific\u00f3 el Acuerdo de Escaz\u00fa (reforma de la fracci\u00f3n IX del art\u00edculo 7 de la Ley Minera).<\/p>\n\n\n\n<p>Cabe recordar que los pobladores de los municipios de Actopan y Alto Lucero reci\u00e9n lograron la suspensi\u00f3n definitiva de cuatro de las 24 concesiones mineras concedidas por la Secretar\u00eda de Econom\u00eda en la zona costera central del estado de Veracruz.<\/p>\n\n\n\n<p>\u201cLas concesiones que se otorgan al amparo de esta ley tienen una duraci\u00f3n de 50 a\u00f1os prorrogables a otros 50. Adicionalmente, se utilizan indistintamente para exploraci\u00f3n y explotaci\u00f3n y dan acceso preferente al agua y a la tierra, sin importar si los territorios pertenecen a comunidades o ejidos y las actividades que llevan a cabo en ellas. Esta ley ha permitido que se otorguen concesiones sin consulta previa ni consentimiento de parte de los pueblos y comunidades que habitan y son due\u00f1os de los territorios\u201d, indican los integrantes de la Colectiva Cambi\u00e9mosla Ya.<\/p>\n","protected":false},"excerpt":{"rendered":"<p>Juan Arcos Xalapa, Ver.- En lo que va del presente periodo de sesiones en el Congreso de la Uni\u00f3n, la \u201cColectiva Cambi\u00e9mosla Ya\u201d elabor\u00f3 y present\u00f3 cuatro iniciativas de reforma a la Ley Minera, para contrarrestar los da\u00f1os que estos proyectos ocasionan, siendo Veracruz una de las entidades donde m\u00e1s ha incrementado esta actividad. Consideran [&hellip;]<\/p>\n","protected":false},"author":1,"featured_media":34329,"comment_status":"open","ping_status":"open","sticky":false,"template":"","format":"standard","meta":{"_jetpack_memberships_contains_paid_content":false,"footnotes":""},"categories":[2],"tags":[],"class_list":["post-34328","post","type-post","status-publish","format-standard","has-post-thumbnail","hentry","category-estado"],"jetpack_featured_media_url":"https:\/\/encuentroinformativo.com.mx\/wp-content\/uploads\/2022\/12\/3EBB9285-69B0-4C3E-9712-08023B6A185F.jpeg","jetpack_sharing_enabled":true,"jetpack_likes_enabled":true,"amp_enabled":true,"_links":{"self":[{"href":"https:\/\/encuentroinformativo.com.mx\/index.php?rest_route=\/wp\/v2\/posts\/34328","targetHints":{"allow":["GET"]}}],"collection":[{"href":"https:\/\/encuentroinformativo.com.mx\/index.php?rest_route=\/wp\/v2\/posts"}],"about":[{"href":"https:\/\/encuentroinformativo.com.mx\/index.php?rest_route=\/wp\/v2\/types\/post"}],"author":[{"embeddable":true,"href":"https:\/\/encuentroinformativo.com.mx\/index.php?rest_route=\/wp\/v2\/users\/1"}],"replies":[{"embeddable":true,"href":"https:\/\/encuentroinformativo.com.mx\/index.php?rest_route=%2Fwp%2Fv2%2Fcomments&post=34328"}],"version-history":[{"count":1,"href":"https:\/\/encuentroinformativo.com.mx\/index.php?rest_route=\/wp\/v2\/posts\/34328\/revisions"}],"predecessor-version":[{"id":34330,"href":"https:\/\/encuentroinformativo.com.mx\/index.php?rest_route=\/wp\/v2\/posts\/34328\/revisions\/34330"}],"wp:featuredmedia":[{"embeddable":true,"href":"https:\/\/encuentroinformativo.com.mx\/index.php?rest_route=\/wp\/v2\/media\/34329"}],"wp:attachment":[{"href":"https:\/\/encuentroinformativo.com.mx\/index.php?rest_route=%2Fwp%2Fv2%2Fmedia&parent=34328"}],"wp:term":[{"taxonomy":"category","embeddable":true,"href":"https:\/\/encuentroinformativo.com.mx\/index.php?rest_route=%2Fwp%2Fv2%2Fcategories&post=34328"},{"taxonomy":"post_tag","embeddable":true,"href":"https:\/\/encuentroinformativo.com.mx\/index.php?rest_route=%2Fwp%2Fv2%2Ftags&post=34328"}],"curies":[{"name":"wp","href":"https:\/\/api.w.org\/{rel}","templated":true}]}}