{"id":3433,"date":"2020-06-17T14:50:03","date_gmt":"2020-06-17T19:50:03","guid":{"rendered":"https:\/\/encuentroinformativo.com\/?p=3433"},"modified":"2020-06-17T14:50:05","modified_gmt":"2020-06-17T19:50:05","slug":"ante-pandemia-transportistas-siguen-sin-recibir-apoyos","status":"publish","type":"post","link":"https:\/\/encuentroinformativo.com.mx\/?p=3433","title":{"rendered":"Ante pandemia, transportistas siguen sin recibir apoyos"},"content":{"rendered":"\n<p><strong>Dar\u00edo Pale <\/strong><\/p>\n\n\n\n<p>Xalapa, Ver.- Tom\u00e1s Marin Arellano dirigente de la Federaci\u00f3n Veracruzana de Transportistas en sus diferentes modalidades, acus\u00f3 que hasta el momento no han recibido ning\u00fan tipo de apoyo de las autoridades federales, estatales y municipales, de no recibir una respuesta favorable har\u00e1n una manifestaci\u00f3n.<\/p>\n\n\n\n<p>Entrevistado en conocido caf\u00e9 del centro de Xalapa se\u00f1al\u00f3 que, el presidente de M\u00e9xico Andres Manuel Lopez Obrador ha ofrecido cr\u00e9ditos a la palabra y al gremio taxista desde hace unos meses para que puedan sobrellevar la crisis que est\u00e1n enfrentando por la pandemia.<\/p>\n\n\n\n<p>\u201cNosotros como transportistas taxistas, ya hicimos diversas peticiones a la Secretar\u00eda  del Bienestar que dirige el licenciado Manuel Huerta y es el tiempo que no nos han dado m\u00e1s que atole con el dedo, nada m\u00e1s nos han prometido pero no nos han cumplido, vino el presidente de la rep\u00fablica el fin de semana y no toc\u00f3 el tema\u201d, se\u00f1al\u00f3.<\/p>\n\n\n\n<p>Por todo lo anterior &#8220;le hacemos un llamado al presidente de la Rep\u00fablica y al gobernador del Estado, a efecto de que nos apoye al gremio&#8221;, adem\u00e1s de que no cuentan con los reglas de operaci\u00f3n para la entrega de recursos.<\/p>\n\n\n\n<p>Se\u00f1al\u00f3 que en la Central de Autobuses de Xalapa (CAXA) son al menos 300 los veh\u00edculos del sistema controlado que pertenecen a esta federaci\u00f3n los afectados, adem\u00e1s de centrales de taxis en este y otros municipios.\u00a0<\/p>\n\n\n\n<p>Finalmente advirtieron que podr\u00edan iniciar acciones de resistencia social, ya que a trav\u00e9s de tr\u00e1mites burocr\u00e1ticos no han recibido apoyo.<\/p>\n","protected":false},"excerpt":{"rendered":"<p>Dar\u00edo Pale Xalapa, Ver.- Tom\u00e1s Marin Arellano dirigente de la Federaci\u00f3n Veracruzana de Transportistas en sus diferentes modalidades, acus\u00f3 que hasta el momento no han recibido ning\u00fan tipo de apoyo de las autoridades federales, estatales y municipales, de no recibir una respuesta favorable har\u00e1n una manifestaci\u00f3n. Entrevistado en conocido caf\u00e9 del centro de Xalapa se\u00f1al\u00f3 [&hellip;]<\/p>\n","protected":false},"author":1,"featured_media":3431,"comment_status":"open","ping_status":"open","sticky":false,"template":"","format":"standard","meta":{"_jetpack_memberships_contains_paid_content":false,"footnotes":""},"categories":[3],"tags":[],"class_list":["post-3433","post","type-post","status-publish","format-standard","has-post-thumbnail","hentry","category-xalapa"],"jetpack_featured_media_url":"https:\/\/encuentroinformativo.com.mx\/wp-content\/uploads\/2020\/06\/CD746751-E20F-44F1-AF83-91ACA92F9B82.jpeg","jetpack_sharing_enabled":true,"jetpack_likes_enabled":true,"amp_enabled":true,"_links":{"self":[{"href":"https:\/\/encuentroinformativo.com.mx\/index.php?rest_route=\/wp\/v2\/posts\/3433","targetHints":{"allow":["GET"]}}],"collection":[{"href":"https:\/\/encuentroinformativo.com.mx\/index.php?rest_route=\/wp\/v2\/posts"}],"about":[{"href":"https:\/\/encuentroinformativo.com.mx\/index.php?rest_route=\/wp\/v2\/types\/post"}],"author":[{"embeddable":true,"href":"https:\/\/encuentroinformativo.com.mx\/index.php?rest_route=\/wp\/v2\/users\/1"}],"replies":[{"embeddable":true,"href":"https:\/\/encuentroinformativo.com.mx\/index.php?rest_route=%2Fwp%2Fv2%2Fcomments&post=3433"}],"version-history":[{"count":1,"href":"https:\/\/encuentroinformativo.com.mx\/index.php?rest_route=\/wp\/v2\/posts\/3433\/revisions"}],"predecessor-version":[{"id":3434,"href":"https:\/\/encuentroinformativo.com.mx\/index.php?rest_route=\/wp\/v2\/posts\/3433\/revisions\/3434"}],"wp:featuredmedia":[{"embeddable":true,"href":"https:\/\/encuentroinformativo.com.mx\/index.php?rest_route=\/wp\/v2\/media\/3431"}],"wp:attachment":[{"href":"https:\/\/encuentroinformativo.com.mx\/index.php?rest_route=%2Fwp%2Fv2%2Fmedia&parent=3433"}],"wp:term":[{"taxonomy":"category","embeddable":true,"href":"https:\/\/encuentroinformativo.com.mx\/index.php?rest_route=%2Fwp%2Fv2%2Fcategories&post=3433"},{"taxonomy":"post_tag","embeddable":true,"href":"https:\/\/encuentroinformativo.com.mx\/index.php?rest_route=%2Fwp%2Fv2%2Ftags&post=3433"}],"curies":[{"name":"wp","href":"https:\/\/api.w.org\/{rel}","templated":true}]}}