{"id":34331,"date":"2022-12-11T14:17:17","date_gmt":"2022-12-11T20:17:17","guid":{"rendered":"https:\/\/encuentroinformativo.com.mx\/?p=34331"},"modified":"2022-12-11T14:17:21","modified_gmt":"2022-12-11T20:17:21","slug":"taxistas-denuncian-agresiones-en-coatzacoalcos","status":"publish","type":"post","link":"https:\/\/encuentroinformativo.com.mx\/?p=34331","title":{"rendered":"Taxistas denuncian agresiones en Coatzacoalcos"},"content":{"rendered":"\n<p><strong>Juan Arcos<\/strong><\/p>\n\n\n\n<p>Coatzacoalcos, Ver.- Taxistas denunciaron que contin\u00faan las agresiones f\u00edsicas contra este gremio en el municipio de Coatzacoalcos, al sur de la entidad, y que han sido v\u00edctimas de intentos de levantones.<\/p>\n\n\n\n<p>Uno de los conductores presenta lesiones en el rostro, luego de que fuera interceptado por sujetos a bordo de una camioneta en la colonia Tr\u00f3pico de la Rivera, alrededor de las siete de la noche del pasado viernes 9 de diciembre.<\/p>\n\n\n\n<p>El agredido indic\u00f3 de manera an\u00f3nima que se trataba de una camioneta roja tipo Suburban donde viajaba un grupo de sujetos que le tap\u00f3 el paso despu\u00e9s de concluir un servicio.<\/p>\n\n\n\n<p>Lo golpearon y le mordieron el brazo para que soltara el volante, descendiera de la unidad de transporte y as\u00ed subirlo a la camioneta.<\/p>\n\n\n\n<p>\u201cSe bajaron tres tipos, se me acercaron al taxi, me abrieron la puerta y me empezaron a golpear, quer\u00edan que me bajara de la unidad, yo me agarr\u00e9 fuerte del volante y una persona me mordi\u00f3 el brazo. Me quer\u00edan subir a la camioneta para llevarme a otro lugar y matarme. Una persona dijo: m\u00e1talo, yo empec\u00e9 a pedir auxilio\u201d, relat\u00f3.<\/p>\n\n\n\n<p>Los presuntos delincuentes subieron a la camioneta nuevamente y huyeron con direcci\u00f3n hacia el municipio de Minatitl\u00e1n.<\/p>\n\n\n\n<p>Los hechos se registraron despu\u00e9s de que el conductor increpara a un agente de transporte p\u00fablico por un presunto abuso en contra del chofer de una gr\u00faa.<\/p>\n\n\n\n<p>\u201cDe esto responsabilizo al oficial Balderas Mart\u00ednez, de transporte p\u00fablico, de aqu\u00ed de Coatzacoalcos, \u00e9l es el que mand\u00f3 a esos tipos a que me golpearan o hasta que me mataran\u201d, agreg\u00f3 el taxista.<\/p>\n\n\n\n<p>El trabajador pidi\u00f3 a las autoridades estatales que investiguen el caso e intervengan para que cesen estas agresiones.<\/p>\n","protected":false},"excerpt":{"rendered":"<p>Juan Arcos Coatzacoalcos, Ver.- Taxistas denunciaron que contin\u00faan las agresiones f\u00edsicas contra este gremio en el municipio de Coatzacoalcos, al sur de la entidad, y que han sido v\u00edctimas de intentos de levantones. Uno de los conductores presenta lesiones en el rostro, luego de que fuera interceptado por sujetos a bordo de una camioneta en [&hellip;]<\/p>\n","protected":false},"author":1,"featured_media":34332,"comment_status":"open","ping_status":"open","sticky":false,"template":"","format":"standard","meta":{"_jetpack_memberships_contains_paid_content":false,"footnotes":""},"categories":[2],"tags":[],"class_list":["post-34331","post","type-post","status-publish","format-standard","has-post-thumbnail","hentry","category-estado"],"jetpack_featured_media_url":"https:\/\/encuentroinformativo.com.mx\/wp-content\/uploads\/2022\/12\/B6A9CD92-7C37-4BBC-9B56-7CCFE69B5DEB.jpeg","jetpack_sharing_enabled":true,"jetpack_likes_enabled":true,"amp_enabled":true,"_links":{"self":[{"href":"https:\/\/encuentroinformativo.com.mx\/index.php?rest_route=\/wp\/v2\/posts\/34331","targetHints":{"allow":["GET"]}}],"collection":[{"href":"https:\/\/encuentroinformativo.com.mx\/index.php?rest_route=\/wp\/v2\/posts"}],"about":[{"href":"https:\/\/encuentroinformativo.com.mx\/index.php?rest_route=\/wp\/v2\/types\/post"}],"author":[{"embeddable":true,"href":"https:\/\/encuentroinformativo.com.mx\/index.php?rest_route=\/wp\/v2\/users\/1"}],"replies":[{"embeddable":true,"href":"https:\/\/encuentroinformativo.com.mx\/index.php?rest_route=%2Fwp%2Fv2%2Fcomments&post=34331"}],"version-history":[{"count":1,"href":"https:\/\/encuentroinformativo.com.mx\/index.php?rest_route=\/wp\/v2\/posts\/34331\/revisions"}],"predecessor-version":[{"id":34333,"href":"https:\/\/encuentroinformativo.com.mx\/index.php?rest_route=\/wp\/v2\/posts\/34331\/revisions\/34333"}],"wp:featuredmedia":[{"embeddable":true,"href":"https:\/\/encuentroinformativo.com.mx\/index.php?rest_route=\/wp\/v2\/media\/34332"}],"wp:attachment":[{"href":"https:\/\/encuentroinformativo.com.mx\/index.php?rest_route=%2Fwp%2Fv2%2Fmedia&parent=34331"}],"wp:term":[{"taxonomy":"category","embeddable":true,"href":"https:\/\/encuentroinformativo.com.mx\/index.php?rest_route=%2Fwp%2Fv2%2Fcategories&post=34331"},{"taxonomy":"post_tag","embeddable":true,"href":"https:\/\/encuentroinformativo.com.mx\/index.php?rest_route=%2Fwp%2Fv2%2Ftags&post=34331"}],"curies":[{"name":"wp","href":"https:\/\/api.w.org\/{rel}","templated":true}]}}