{"id":34341,"date":"2022-12-12T11:46:51","date_gmt":"2022-12-12T17:46:51","guid":{"rendered":"https:\/\/encuentroinformativo.com.mx\/?p=34341"},"modified":"2022-12-12T11:46:54","modified_gmt":"2022-12-12T17:46:54","slug":"realizaran-segundo-encuentro-de-danza-nacional","status":"publish","type":"post","link":"https:\/\/encuentroinformativo.com.mx\/?p=34341","title":{"rendered":"Realizar\u00e1n segundo encuentro de danza nacional"},"content":{"rendered":"\n<p><strong>Dar\u00edo Pale<\/strong><\/p>\n\n\n\n<p>Xalapa, Ver.- Invitan \u00a0a la ciudadan\u00eda para que asista al Segundo Encuentro Criog\u00e9nia Danza Nacional 2022 el cual se realizar\u00e1 del 13 al 17 de este mes en la ciudad de Xalapa en el Centro de Arte Imaginarium, as\u00ed lo dio a conocer Dante Mancilla, director general del Segundo Encuentro.<\/p>\n\n\n\n<p>En conferencia de prensa se\u00f1al\u00f3 que hay invitados de la ciudad de Quer\u00e9taro, de la Ciudad de M\u00e9xico, de Puebla, de Hidalgo, de San Luis Potos\u00ed, del Puerto de Veracruz y de Xalapa.<\/p>\n\n\n\n<p>Coment\u00f3 que Criog\u00e9nia naci\u00f3 en diciembre del a\u00f1o pasado, con la intenci\u00f3n de homenajear en vida a importantes exponentes de la danza nacional y en esta ocasi\u00f3n homenajearan al c\u00e9lebre maestro core\u00f3grafo y bailar\u00edn, Tonio Torres.<\/p>\n\n\n\n<p>La sede del evento ser\u00e1 en El Teatrito Imaginarium, ubicado en\u00a0<a href=\"https:\/\/www.google.com\/maps\/search\/la+avenida+Orizaba,+n%C3%BAmero+140+A,+Piso+1?entry=gmail&amp;source=g\">la avenida Orizaba, n\u00famero 140 A, Piso 1<\/a>, y los precios de los boletos es de 50 pesos.<\/p>\n\n\n\n<p>Finalmente dieron a conocer que las funciones son a las 8 de la noche con diferentes grupos de la Rep\u00fablica, el mi\u00e9rcoles tambi\u00e9n habr\u00e1 una funci\u00f3n a las 6 de la tarde.<\/p>\n","protected":false},"excerpt":{"rendered":"<p>Dar\u00edo Pale Xalapa, Ver.- Invitan \u00a0a la ciudadan\u00eda para que asista al Segundo Encuentro Criog\u00e9nia Danza Nacional 2022 el cual se realizar\u00e1 del 13 al 17 de este mes en la ciudad de Xalapa en el Centro de Arte Imaginarium, as\u00ed lo dio a conocer Dante Mancilla, director general del Segundo Encuentro. En conferencia de [&hellip;]<\/p>\n","protected":false},"author":1,"featured_media":34342,"comment_status":"open","ping_status":"open","sticky":false,"template":"","format":"standard","meta":{"_jetpack_memberships_contains_paid_content":false,"footnotes":""},"categories":[3],"tags":[],"class_list":["post-34341","post","type-post","status-publish","format-standard","has-post-thumbnail","hentry","category-xalapa"],"jetpack_featured_media_url":"https:\/\/encuentroinformativo.com.mx\/wp-content\/uploads\/2022\/12\/F254EC5E-30ED-4750-9C53-B90C62E0E68C.jpeg","jetpack_sharing_enabled":true,"jetpack_likes_enabled":true,"amp_enabled":true,"_links":{"self":[{"href":"https:\/\/encuentroinformativo.com.mx\/index.php?rest_route=\/wp\/v2\/posts\/34341","targetHints":{"allow":["GET"]}}],"collection":[{"href":"https:\/\/encuentroinformativo.com.mx\/index.php?rest_route=\/wp\/v2\/posts"}],"about":[{"href":"https:\/\/encuentroinformativo.com.mx\/index.php?rest_route=\/wp\/v2\/types\/post"}],"author":[{"embeddable":true,"href":"https:\/\/encuentroinformativo.com.mx\/index.php?rest_route=\/wp\/v2\/users\/1"}],"replies":[{"embeddable":true,"href":"https:\/\/encuentroinformativo.com.mx\/index.php?rest_route=%2Fwp%2Fv2%2Fcomments&post=34341"}],"version-history":[{"count":1,"href":"https:\/\/encuentroinformativo.com.mx\/index.php?rest_route=\/wp\/v2\/posts\/34341\/revisions"}],"predecessor-version":[{"id":34343,"href":"https:\/\/encuentroinformativo.com.mx\/index.php?rest_route=\/wp\/v2\/posts\/34341\/revisions\/34343"}],"wp:featuredmedia":[{"embeddable":true,"href":"https:\/\/encuentroinformativo.com.mx\/index.php?rest_route=\/wp\/v2\/media\/34342"}],"wp:attachment":[{"href":"https:\/\/encuentroinformativo.com.mx\/index.php?rest_route=%2Fwp%2Fv2%2Fmedia&parent=34341"}],"wp:term":[{"taxonomy":"category","embeddable":true,"href":"https:\/\/encuentroinformativo.com.mx\/index.php?rest_route=%2Fwp%2Fv2%2Fcategories&post=34341"},{"taxonomy":"post_tag","embeddable":true,"href":"https:\/\/encuentroinformativo.com.mx\/index.php?rest_route=%2Fwp%2Fv2%2Ftags&post=34341"}],"curies":[{"name":"wp","href":"https:\/\/api.w.org\/{rel}","templated":true}]}}