{"id":34344,"date":"2022-12-12T12:35:06","date_gmt":"2022-12-12T18:35:06","guid":{"rendered":"https:\/\/encuentroinformativo.com.mx\/?p=34344"},"modified":"2022-12-12T12:35:10","modified_gmt":"2022-12-12T18:35:10","slug":"pan-pide-remocion-de-presidenta-del-tribunal-electoral","status":"publish","type":"post","link":"https:\/\/encuentroinformativo.com.mx\/?p=34344","title":{"rendered":"PAN pide remoci\u00f3n de presidenta del Tribunal Electoral"},"content":{"rendered":"\n<p><strong>Juan Arcos<\/strong><\/p>\n\n\n\n<p>Xalap, Ver.- El dirigente estatal del Partido Acci\u00f3n Nacional (PAN), Federico Salom\u00f3n Molina, critic\u00f3 que la presidenta del Tribunal Electoral del Estado de Veracruz, Tania Celina V\u00e1squez Mu\u00f1oz, acudiera a un evento partidista realizado este fin de semana por la asociaci\u00f3n civil \u201cUnidos Todos\u201d.<\/p>\n\n\n\n<p>En conferencia de prensa, realizada en la sede estatal del albiazul, destac\u00f3 que est\u00e1 documentada la asistencia de la funcionaria electoral, por lo que podr\u00eda buscarse su remoci\u00f3n.<\/p>\n\n\n\n<p>Cabe recordar que V\u00e1squez Mu\u00f1oz fue designada como nueva presidenta del TEV, el pasado 5 de diciembre; sin embargo, la funcionaria acudi\u00f3 al evento del Movimiento de Regeneraci\u00f3n Nacional (Morena) y fue captada en fotograf\u00edas.<\/p>\n\n\n\n<p>El l\u00edder panista consider\u00f3 que la participaci\u00f3n de la Magistrada en un evento partidista atenta contra la democracia por no garantizarse la imparcialidad, legalidad, certeza y trasparencia que se comprometi\u00f3 a respetar al momento de rendir protesta.<\/p>\n\n\n\n<p>\u201cVeracruz es el \u00fanico estado del pa\u00eds en donde se da ese tipo de actos, es lamentable que una presidenta de un tribunal acuda a un evento partidista. Estamos indignados\u201d, expres\u00f3.<\/p>\n\n\n\n<p>Salom\u00f3n Molina indic\u00f3 que ser\u00e1 enviada la informaci\u00f3n de este caso al Comit\u00e9 Ejecutivo Nacional (CEN) del PAN, para que se proceda contra la Magistrada del Tribunal Electoral de Veracruz.<\/p>\n\n\n\n<p>El Presidente del PAN en Veracruz tambi\u00e9n cuestion\u00f3 el posible uso de recursos p\u00fablicos en el evento de \u201cTodos Unidos\u201d, asociaci\u00f3n civil que encabeza Eleazar Guerrero, subsecretario de Finanzas.<\/p>\n\n\n\n<p>Federico Salom\u00f3n admiti\u00f3 que ser\u00e1 complicado comprobar dicha situaci\u00f3n; sin embargo, no descart\u00f3 la posibilidad de que esto sea denunciado ante las instancias correspondientes.<\/p>\n","protected":false},"excerpt":{"rendered":"<p>Juan Arcos Xalap, Ver.- El dirigente estatal del Partido Acci\u00f3n Nacional (PAN), Federico Salom\u00f3n Molina, critic\u00f3 que la presidenta del Tribunal Electoral del Estado de Veracruz, Tania Celina V\u00e1squez Mu\u00f1oz, acudiera a un evento partidista realizado este fin de semana por la asociaci\u00f3n civil \u201cUnidos Todos\u201d. En conferencia de prensa, realizada en la sede estatal [&hellip;]<\/p>\n","protected":false},"author":1,"featured_media":34345,"comment_status":"open","ping_status":"open","sticky":false,"template":"","format":"standard","meta":{"_jetpack_memberships_contains_paid_content":false,"footnotes":""},"categories":[2],"tags":[],"class_list":["post-34344","post","type-post","status-publish","format-standard","has-post-thumbnail","hentry","category-estado"],"jetpack_featured_media_url":"https:\/\/encuentroinformativo.com.mx\/wp-content\/uploads\/2022\/12\/E562A393-5509-43DF-97D0-689ADB2723E6.jpeg","jetpack_sharing_enabled":true,"jetpack_likes_enabled":true,"amp_enabled":true,"_links":{"self":[{"href":"https:\/\/encuentroinformativo.com.mx\/index.php?rest_route=\/wp\/v2\/posts\/34344","targetHints":{"allow":["GET"]}}],"collection":[{"href":"https:\/\/encuentroinformativo.com.mx\/index.php?rest_route=\/wp\/v2\/posts"}],"about":[{"href":"https:\/\/encuentroinformativo.com.mx\/index.php?rest_route=\/wp\/v2\/types\/post"}],"author":[{"embeddable":true,"href":"https:\/\/encuentroinformativo.com.mx\/index.php?rest_route=\/wp\/v2\/users\/1"}],"replies":[{"embeddable":true,"href":"https:\/\/encuentroinformativo.com.mx\/index.php?rest_route=%2Fwp%2Fv2%2Fcomments&post=34344"}],"version-history":[{"count":1,"href":"https:\/\/encuentroinformativo.com.mx\/index.php?rest_route=\/wp\/v2\/posts\/34344\/revisions"}],"predecessor-version":[{"id":34346,"href":"https:\/\/encuentroinformativo.com.mx\/index.php?rest_route=\/wp\/v2\/posts\/34344\/revisions\/34346"}],"wp:featuredmedia":[{"embeddable":true,"href":"https:\/\/encuentroinformativo.com.mx\/index.php?rest_route=\/wp\/v2\/media\/34345"}],"wp:attachment":[{"href":"https:\/\/encuentroinformativo.com.mx\/index.php?rest_route=%2Fwp%2Fv2%2Fmedia&parent=34344"}],"wp:term":[{"taxonomy":"category","embeddable":true,"href":"https:\/\/encuentroinformativo.com.mx\/index.php?rest_route=%2Fwp%2Fv2%2Fcategories&post=34344"},{"taxonomy":"post_tag","embeddable":true,"href":"https:\/\/encuentroinformativo.com.mx\/index.php?rest_route=%2Fwp%2Fv2%2Ftags&post=34344"}],"curies":[{"name":"wp","href":"https:\/\/api.w.org\/{rel}","templated":true}]}}