{"id":34347,"date":"2022-12-12T12:51:03","date_gmt":"2022-12-12T18:51:03","guid":{"rendered":"https:\/\/encuentroinformativo.com.mx\/?p=34347"},"modified":"2022-12-12T12:51:07","modified_gmt":"2022-12-12T18:51:07","slug":"demandan-activistas-liberacion-de-veracruzana-presa-en-cancun","status":"publish","type":"post","link":"https:\/\/encuentroinformativo.com.mx\/?p=34347","title":{"rendered":"Demandan activistas liberaci\u00f3n de veracruzana presa en Canc\u00fan"},"content":{"rendered":"\n<p><strong>Alejandro \u00c1vila<\/strong><\/p>\n\n\n\n<p>Veracruz, Ver.- Activistas femeninas a nivel nacional exigen la liberaci\u00f3n de la veracruza Elisa Sald\u00edvar Barcelata, qui\u00e9n se encuentra desde hace unos meses presa en una c\u00e1rcel de Canc\u00fan de forma injusta.<\/p>\n\n\n\n<p>Gabriela Pablos, activista del Frente Nacional por las Mujeres se\u00f1al\u00f3 que est\u00e1n ejecutando violencia vicar\u00eda en su contra, la cual se ejecuta a trav\u00e9s de los hijos por parte del padre biol\u00f3gico.<\/p>\n\n\n\n<p>&#8220;Es muy desafortunado el tema de que ahorita Elisa est\u00e9 en la c\u00e1rcel con un delito fabricado, es una situaci\u00f3n que simplemente en el Frente Nacional por Mujeres no podemos permitir, no vamos a tolerar, insistimos en que Elisa sea liberada de manera inmediata, que su caso sea revisado, porque desafortunadamente el tema de que ella est\u00e9 viviendo violencia, pues tambi\u00e9n es un tema que le cuesta al pa\u00eds, que le cuesta a las instituciones, todos los \u00f3rganos de impartici\u00f3n de justicia del pa\u00eds&#8221;, puntualiz\u00f3.<\/p>\n\n\n\n<p>Cabe recordar qu\u00e9 Elisa fue detenida y privada de su libertad por presunta corrupci\u00f3n de menores; sin embargo la activista asegura que el delito no est\u00e1 bien configurado conforme a la ley.<\/p>\n\n\n\n<p>&#8220;Lo hemos estudiado junto con los abogados, la cuesti\u00f3n que a ella se le acusa no es ni como marca la ley, es una cuesti\u00f3n de que ella est\u00e1 ah\u00ed por una serie de sucesos. Una, es la violencia de la ex pareja, de Eugenio &#8220;N&#8221;, qu\u00e9 empez\u00f3 a hacer esta cuesti\u00f3n, y desde luego, c\u00f3mo va escalando con la cooperaci\u00f3n de las autoridades&#8221;, agreg\u00f3.<\/p>\n","protected":false},"excerpt":{"rendered":"<p>Alejandro \u00c1vila Veracruz, Ver.- Activistas femeninas a nivel nacional exigen la liberaci\u00f3n de la veracruza Elisa Sald\u00edvar Barcelata, qui\u00e9n se encuentra desde hace unos meses presa en una c\u00e1rcel de Canc\u00fan de forma injusta. Gabriela Pablos, activista del Frente Nacional por las Mujeres se\u00f1al\u00f3 que est\u00e1n ejecutando violencia vicar\u00eda en su contra, la cual se [&hellip;]<\/p>\n","protected":false},"author":1,"featured_media":34348,"comment_status":"open","ping_status":"open","sticky":false,"template":"","format":"standard","meta":{"_jetpack_memberships_contains_paid_content":false,"footnotes":""},"categories":[2],"tags":[],"class_list":["post-34347","post","type-post","status-publish","format-standard","has-post-thumbnail","hentry","category-estado"],"jetpack_featured_media_url":"https:\/\/encuentroinformativo.com.mx\/wp-content\/uploads\/2022\/12\/2A566B50-71CB-4816-91A5-6411017463B6.jpeg","jetpack_sharing_enabled":true,"jetpack_likes_enabled":true,"amp_enabled":true,"_links":{"self":[{"href":"https:\/\/encuentroinformativo.com.mx\/index.php?rest_route=\/wp\/v2\/posts\/34347","targetHints":{"allow":["GET"]}}],"collection":[{"href":"https:\/\/encuentroinformativo.com.mx\/index.php?rest_route=\/wp\/v2\/posts"}],"about":[{"href":"https:\/\/encuentroinformativo.com.mx\/index.php?rest_route=\/wp\/v2\/types\/post"}],"author":[{"embeddable":true,"href":"https:\/\/encuentroinformativo.com.mx\/index.php?rest_route=\/wp\/v2\/users\/1"}],"replies":[{"embeddable":true,"href":"https:\/\/encuentroinformativo.com.mx\/index.php?rest_route=%2Fwp%2Fv2%2Fcomments&post=34347"}],"version-history":[{"count":1,"href":"https:\/\/encuentroinformativo.com.mx\/index.php?rest_route=\/wp\/v2\/posts\/34347\/revisions"}],"predecessor-version":[{"id":34349,"href":"https:\/\/encuentroinformativo.com.mx\/index.php?rest_route=\/wp\/v2\/posts\/34347\/revisions\/34349"}],"wp:featuredmedia":[{"embeddable":true,"href":"https:\/\/encuentroinformativo.com.mx\/index.php?rest_route=\/wp\/v2\/media\/34348"}],"wp:attachment":[{"href":"https:\/\/encuentroinformativo.com.mx\/index.php?rest_route=%2Fwp%2Fv2%2Fmedia&parent=34347"}],"wp:term":[{"taxonomy":"category","embeddable":true,"href":"https:\/\/encuentroinformativo.com.mx\/index.php?rest_route=%2Fwp%2Fv2%2Fcategories&post=34347"},{"taxonomy":"post_tag","embeddable":true,"href":"https:\/\/encuentroinformativo.com.mx\/index.php?rest_route=%2Fwp%2Fv2%2Ftags&post=34347"}],"curies":[{"name":"wp","href":"https:\/\/api.w.org\/{rel}","templated":true}]}}