{"id":34365,"date":"2022-12-12T11:02:22","date_gmt":"2022-12-12T17:02:22","guid":{"rendered":"https:\/\/encuentroinformativo.com.mx\/?p=34365"},"modified":"2022-12-12T14:04:22","modified_gmt":"2022-12-12T20:04:22","slug":"israel-zermeno-sera-el-coach-de-halcones-rojos-veracruz","status":"publish","type":"post","link":"https:\/\/encuentroinformativo.com.mx\/?p=34365","title":{"rendered":"Israel Zerme\u00f1o ser\u00e1 el coach de Halcones rojos Veracruz"},"content":{"rendered":"\n<p><strong>Alejandro \u00c1vila<\/strong><\/p>\n\n\n\n<p>Veracruz, Ver.- El coach, Israel Zerme\u00f1o ser\u00e1 el timonel de los Halcones Rojos de Veracruz para la temporada 2023 de la Liga SISNOVA del baloncesto profesional mexicano.<\/p>\n\n\n\n<p>Israel Zerme\u00f1o cuenta con experiencia en categor\u00edas formativas, en las que gan\u00f3 el oro para Aguascalientes en la Olimpiada Nacional Sub-15 en 2012, fue entrenador en la Academia CONADE y es el \u00fanico coach mexicano en dirigir en dos citas mundialistas (el Mundial Femenil U17 de 2014, celebrado en Rep\u00fablica Checa, y el Mundial Femenil U19 de 2017, disputado en Italia).<\/p>\n\n\n\n<p>En el basquetbol profesional varonil tuvo un paso por \u00c1ngeles de Puebla en la LNBP durante la temporada 2019, mientras que en el basquetbol femenil fue campe\u00f3n con Lobas de Aguascalientes durante la temporada 2021.<\/p>\n\n\n\n<p>De igual manera, se dio a conocer la llegada de la xalape\u00f1a Jessica Elizondo Jess Elizondo quien fungir\u00e1 como coach asistente tras su paso como entrenadora asistente con los Mineros de Zacatecas, as\u00ed como head coach de Abejas de Le\u00f3n en la LNBP Femenil.<\/p>\n","protected":false},"excerpt":{"rendered":"<p>Alejandro \u00c1vila Veracruz, Ver.- El coach, Israel Zerme\u00f1o ser\u00e1 el timonel de los Halcones Rojos de Veracruz para la temporada 2023 de la Liga SISNOVA del baloncesto profesional mexicano. Israel Zerme\u00f1o cuenta con experiencia en categor\u00edas formativas, en las que gan\u00f3 el oro para Aguascalientes en la Olimpiada Nacional Sub-15 en 2012, fue entrenador en [&hellip;]<\/p>\n","protected":false},"author":1,"featured_media":34366,"comment_status":"open","ping_status":"open","sticky":false,"template":"","format":"standard","meta":{"_jetpack_memberships_contains_paid_content":false,"footnotes":""},"categories":[2],"tags":[],"class_list":["post-34365","post","type-post","status-publish","format-standard","has-post-thumbnail","hentry","category-estado"],"jetpack_featured_media_url":"https:\/\/encuentroinformativo.com.mx\/wp-content\/uploads\/2022\/12\/E4A66CC2-86BF-4F9D-B356-069BF479F7B0.jpeg","jetpack_sharing_enabled":true,"jetpack_likes_enabled":true,"amp_enabled":true,"_links":{"self":[{"href":"https:\/\/encuentroinformativo.com.mx\/index.php?rest_route=\/wp\/v2\/posts\/34365","targetHints":{"allow":["GET"]}}],"collection":[{"href":"https:\/\/encuentroinformativo.com.mx\/index.php?rest_route=\/wp\/v2\/posts"}],"about":[{"href":"https:\/\/encuentroinformativo.com.mx\/index.php?rest_route=\/wp\/v2\/types\/post"}],"author":[{"embeddable":true,"href":"https:\/\/encuentroinformativo.com.mx\/index.php?rest_route=\/wp\/v2\/users\/1"}],"replies":[{"embeddable":true,"href":"https:\/\/encuentroinformativo.com.mx\/index.php?rest_route=%2Fwp%2Fv2%2Fcomments&post=34365"}],"version-history":[{"count":1,"href":"https:\/\/encuentroinformativo.com.mx\/index.php?rest_route=\/wp\/v2\/posts\/34365\/revisions"}],"predecessor-version":[{"id":34367,"href":"https:\/\/encuentroinformativo.com.mx\/index.php?rest_route=\/wp\/v2\/posts\/34365\/revisions\/34367"}],"wp:featuredmedia":[{"embeddable":true,"href":"https:\/\/encuentroinformativo.com.mx\/index.php?rest_route=\/wp\/v2\/media\/34366"}],"wp:attachment":[{"href":"https:\/\/encuentroinformativo.com.mx\/index.php?rest_route=%2Fwp%2Fv2%2Fmedia&parent=34365"}],"wp:term":[{"taxonomy":"category","embeddable":true,"href":"https:\/\/encuentroinformativo.com.mx\/index.php?rest_route=%2Fwp%2Fv2%2Fcategories&post=34365"},{"taxonomy":"post_tag","embeddable":true,"href":"https:\/\/encuentroinformativo.com.mx\/index.php?rest_route=%2Fwp%2Fv2%2Ftags&post=34365"}],"curies":[{"name":"wp","href":"https:\/\/api.w.org\/{rel}","templated":true}]}}