{"id":34371,"date":"2022-12-12T14:12:19","date_gmt":"2022-12-12T20:12:19","guid":{"rendered":"https:\/\/encuentroinformativo.com.mx\/?p=34371"},"modified":"2022-12-12T18:45:26","modified_gmt":"2022-12-13T00:45:26","slug":"acusan-negligencia-en-hospital-de-veracruz-murio-bebe","status":"publish","type":"post","link":"https:\/\/encuentroinformativo.com.mx\/?p=34371","title":{"rendered":"Acusan negligencia en hospital de Veracruz, muri\u00f3 beb\u00e9"},"content":{"rendered":"\n<p><strong>Alejandro \u00c1vila<\/strong><\/p>\n\n\n\n<p>Veracruz, Ver.- El pasado 10 de octubre falleci\u00f3 una beb\u00e9 en un hospital privado de Veracruz tras presunta negligencia m\u00e9dica, hecho por el cual, la madre, Kenia Marisol Reyes Molina present\u00f3 una denuncia penal ante la Fiscal\u00eda General de Veracruz el 21 de octubre.<\/p>\n\n\n\n<p>La afectada cit\u00f3 a rueda de prensa este lunes, pues acusa qu\u00e9 a las investigaciones de su caso est\u00e1n detenidas y exige justicia por lo sucedido.<\/p>\n\n\n\n<p>La afectada relat\u00f3 que, la doctora quien llev\u00f3 su proceso de gestaci\u00f3n le aseguro que pod\u00eda tener un parto natural; sin embargo, el d\u00eda que tuvo que dar a luz la cosa de mala praxis derivando en la muerte de su peque\u00f1o por asfixia perinatal severa.<\/p>\n\n\n\n<p>Expuso que apesar que durante el parto exigi\u00f3 le realizar\u00e1n ces\u00e1rea pues se encontraba d\u00e9bil para pujar, la doctora se aferr\u00f3 a realizar el procedimiento m\u00e9dico de forma natural.<\/p>\n\n\n\n<p>De la misma manera, acus\u00f3 al personal del hospital privaso de suministrarle en exceso medicamentos para inducir el parto, adem\u00e1s de ejecutarle procedimientos violentos para dar a luz, lo cual le gener\u00f3 lesiones en el cuerpo.<\/p>\n\n\n\n<p>Kenia Marisol Reyes Molina pidi\u00f3 la empat\u00eda de las autoridades de justicia para que su denuncia se reactiva y los culpables de la presunta negligencia m\u00e9dica sean presentados ante el Juez.<\/p>\n","protected":false},"excerpt":{"rendered":"<p>Alejandro \u00c1vila Veracruz, Ver.- El pasado 10 de octubre falleci\u00f3 una beb\u00e9 en un hospital privado de Veracruz tras presunta negligencia m\u00e9dica, hecho por el cual, la madre, Kenia Marisol Reyes Molina present\u00f3 una denuncia penal ante la Fiscal\u00eda General de Veracruz el 21 de octubre. La afectada cit\u00f3 a rueda de prensa este lunes, [&hellip;]<\/p>\n","protected":false},"author":1,"featured_media":34372,"comment_status":"open","ping_status":"open","sticky":false,"template":"","format":"standard","meta":{"_jetpack_memberships_contains_paid_content":false,"footnotes":""},"categories":[9],"tags":[],"class_list":["post-34371","post","type-post","status-publish","format-standard","has-post-thumbnail","hentry","category-salud"],"jetpack_featured_media_url":"https:\/\/encuentroinformativo.com.mx\/wp-content\/uploads\/2022\/12\/E1AFBBBF-9F17-468F-9DBD-7C3AC00F78A4.jpeg","jetpack_sharing_enabled":true,"jetpack_likes_enabled":true,"amp_enabled":true,"_links":{"self":[{"href":"https:\/\/encuentroinformativo.com.mx\/index.php?rest_route=\/wp\/v2\/posts\/34371","targetHints":{"allow":["GET"]}}],"collection":[{"href":"https:\/\/encuentroinformativo.com.mx\/index.php?rest_route=\/wp\/v2\/posts"}],"about":[{"href":"https:\/\/encuentroinformativo.com.mx\/index.php?rest_route=\/wp\/v2\/types\/post"}],"author":[{"embeddable":true,"href":"https:\/\/encuentroinformativo.com.mx\/index.php?rest_route=\/wp\/v2\/users\/1"}],"replies":[{"embeddable":true,"href":"https:\/\/encuentroinformativo.com.mx\/index.php?rest_route=%2Fwp%2Fv2%2Fcomments&post=34371"}],"version-history":[{"count":2,"href":"https:\/\/encuentroinformativo.com.mx\/index.php?rest_route=\/wp\/v2\/posts\/34371\/revisions"}],"predecessor-version":[{"id":34390,"href":"https:\/\/encuentroinformativo.com.mx\/index.php?rest_route=\/wp\/v2\/posts\/34371\/revisions\/34390"}],"wp:featuredmedia":[{"embeddable":true,"href":"https:\/\/encuentroinformativo.com.mx\/index.php?rest_route=\/wp\/v2\/media\/34372"}],"wp:attachment":[{"href":"https:\/\/encuentroinformativo.com.mx\/index.php?rest_route=%2Fwp%2Fv2%2Fmedia&parent=34371"}],"wp:term":[{"taxonomy":"category","embeddable":true,"href":"https:\/\/encuentroinformativo.com.mx\/index.php?rest_route=%2Fwp%2Fv2%2Fcategories&post=34371"},{"taxonomy":"post_tag","embeddable":true,"href":"https:\/\/encuentroinformativo.com.mx\/index.php?rest_route=%2Fwp%2Fv2%2Ftags&post=34371"}],"curies":[{"name":"wp","href":"https:\/\/api.w.org\/{rel}","templated":true}]}}