{"id":34375,"date":"2022-12-12T16:48:40","date_gmt":"2022-12-12T22:48:40","guid":{"rendered":"https:\/\/encuentroinformativo.com.mx\/?p=34375"},"modified":"2022-12-12T16:48:44","modified_gmt":"2022-12-12T22:48:44","slug":"promueven-corrida-de-toros-en-la-perla-acusan-ambientalistas","status":"publish","type":"post","link":"https:\/\/encuentroinformativo.com.mx\/?p=34375","title":{"rendered":"Promueven corrida de toros en La Perla, acusan ambientalistas"},"content":{"rendered":"\n<p><strong>Juan Arcos <\/strong><\/p>\n\n\n\n<p>Xalapa, Ver.- La asociaci\u00f3n civil \u201cMovimiento Consciencia\u201d denunci\u00f3 que el ayuntamiento de La Perla realizar\u00eda una corrida de toros, lo que promueve el maltrato animal y violenta leyes estatales.<\/p>\n\n\n\n<p>Los integrantes de la organizaci\u00f3n dieron a conocer que el Sistema para el Desarrollo Integral de la Familia (DIF) promociona su feria y entre las actividades se encuentra la tauromaquia.<\/p>\n\n\n\n<p>De acuerdo con la agrupaci\u00f3n, se debe hacer hincapi\u00e9, en todos los carteles, la se\u00f1alizaci\u00f3n del Art\u00edculo 40 BIS de la Ley N\u00famero 573 de los Derechos de Ni\u00f1as y Adolescentes del Estado de Veracruz, donde queda prohibida la asistencia y entrada de menores de edad a corridas de toros.<\/p>\n\n\n\n<p>Lo anterior, para procurar la seguridad de las ni\u00f1as, ni\u00f1os y adolescentes, y sus valores humanos, garantizando as\u00ed el acceso a una vida libre de violencia.<\/p>\n\n\n\n<p>La corrida de toros est\u00e1 programada para este lunes 12 de diciembre a las 15:00 horas, donde los carteles para difundir el evento son distribuidos por el mismo ayuntamiento y el DIF municipal de La Perla.<\/p>\n\n\n\n<p>La asociaci\u00f3n civil indic\u00f3 que estar\u00e1 atenta en caso de que ingresen menores a la corrida de toros, para documentar esta situaci\u00f3n.<\/p>\n\n\n\n<p>En ese sentido, sentenci\u00f3 que ser\u00e1n denunciadas las autoridades municipales y los organizadores, si insisten en no respetar la ley.<\/p>\n\n\n\n<p>Cabe recordar que diversas agrupaciones animalistas se han pronunciado en contra de la tauromaquia en el estado de Veracruz, pues esta actividad promueve el maltrato animal y la violencia.<\/p>\n","protected":false},"excerpt":{"rendered":"<p>Juan Arcos Xalapa, Ver.- La asociaci\u00f3n civil \u201cMovimiento Consciencia\u201d denunci\u00f3 que el ayuntamiento de La Perla realizar\u00eda una corrida de toros, lo que promueve el maltrato animal y violenta leyes estatales. Los integrantes de la organizaci\u00f3n dieron a conocer que el Sistema para el Desarrollo Integral de la Familia (DIF) promociona su feria y entre [&hellip;]<\/p>\n","protected":false},"author":1,"featured_media":34376,"comment_status":"open","ping_status":"open","sticky":false,"template":"","format":"standard","meta":{"_jetpack_memberships_contains_paid_content":false,"footnotes":""},"categories":[2],"tags":[],"class_list":["post-34375","post","type-post","status-publish","format-standard","has-post-thumbnail","hentry","category-estado"],"jetpack_featured_media_url":"https:\/\/encuentroinformativo.com.mx\/wp-content\/uploads\/2022\/12\/DB487574-802D-432A-8AD9-D4E37BBBF226.jpeg","jetpack_sharing_enabled":true,"jetpack_likes_enabled":true,"amp_enabled":true,"_links":{"self":[{"href":"https:\/\/encuentroinformativo.com.mx\/index.php?rest_route=\/wp\/v2\/posts\/34375","targetHints":{"allow":["GET"]}}],"collection":[{"href":"https:\/\/encuentroinformativo.com.mx\/index.php?rest_route=\/wp\/v2\/posts"}],"about":[{"href":"https:\/\/encuentroinformativo.com.mx\/index.php?rest_route=\/wp\/v2\/types\/post"}],"author":[{"embeddable":true,"href":"https:\/\/encuentroinformativo.com.mx\/index.php?rest_route=\/wp\/v2\/users\/1"}],"replies":[{"embeddable":true,"href":"https:\/\/encuentroinformativo.com.mx\/index.php?rest_route=%2Fwp%2Fv2%2Fcomments&post=34375"}],"version-history":[{"count":1,"href":"https:\/\/encuentroinformativo.com.mx\/index.php?rest_route=\/wp\/v2\/posts\/34375\/revisions"}],"predecessor-version":[{"id":34377,"href":"https:\/\/encuentroinformativo.com.mx\/index.php?rest_route=\/wp\/v2\/posts\/34375\/revisions\/34377"}],"wp:featuredmedia":[{"embeddable":true,"href":"https:\/\/encuentroinformativo.com.mx\/index.php?rest_route=\/wp\/v2\/media\/34376"}],"wp:attachment":[{"href":"https:\/\/encuentroinformativo.com.mx\/index.php?rest_route=%2Fwp%2Fv2%2Fmedia&parent=34375"}],"wp:term":[{"taxonomy":"category","embeddable":true,"href":"https:\/\/encuentroinformativo.com.mx\/index.php?rest_route=%2Fwp%2Fv2%2Fcategories&post=34375"},{"taxonomy":"post_tag","embeddable":true,"href":"https:\/\/encuentroinformativo.com.mx\/index.php?rest_route=%2Fwp%2Fv2%2Ftags&post=34375"}],"curies":[{"name":"wp","href":"https:\/\/api.w.org\/{rel}","templated":true}]}}