{"id":34378,"date":"2022-12-12T16:57:48","date_gmt":"2022-12-12T22:57:48","guid":{"rendered":"https:\/\/encuentroinformativo.com.mx\/?p=34378"},"modified":"2022-12-12T16:57:52","modified_gmt":"2022-12-12T22:57:52","slug":"denuncian-presunto-abuso-sexual-en-secundaria-general-1","status":"publish","type":"post","link":"https:\/\/encuentroinformativo.com.mx\/?p=34378","title":{"rendered":"Denuncian presunto abuso sexual en Secundaria General 1"},"content":{"rendered":"\n<p><strong>Dar\u00edo Pale <\/strong><\/p>\n\n\n\n<p>Xalapa, Ver.- Denuncian abuso y acoso sexual de docente de secundaria general n\u00famero 1 &#8220;Sebasti\u00e1n Lerdo de Tejada&#8221; de ubicada en la avenida Miguel Alem\u00e1n de Xalapa, por parte del profesor Ricardo Arturo Aguilar Aburto, as\u00ed lo se\u00f1al\u00f3 la familiar de una estudiante de 12 a\u00f1os de edad en el interior del plantel.<\/p>\n\n\n\n<p>En entrevista, refiri\u00f3 que el pasado 5 de diciembre el profesor jalone\u00f3 a la menor dentro de uno de los talleres, le tap\u00f3 la boca y abus\u00f3 de ella y luego la amenaz\u00f3 de muerte.<\/p>\n\n\n\n<p>Por lo que la inconforme, quien pidi\u00f3 reservar su nombre, denunci\u00f3 que el profesor ha incurrido en los mismos delitos en otras ocasiones sin que se le haya sancionado nunca.<\/p>\n\n\n\n<p>La se\u00f1ora &#8220;Adriana&#8221; dijo que por el abuso sexual ya se present\u00f3 la denuncia correspondiente, pero ella quiere que las autoridades atiendan este caso, toda vez que ha sido un docente reincidente y lo \u00fanico que hacen es cambiarlo de \u00e1rea.<\/p>\n\n\n\n<p>&#8220;Desde tiempo atr\u00e1s ha venido acosando a jovencitas, pero en esta ocasi\u00f3n alz\u00f3 la voz porque le pas\u00f3 a una familiar m\u00eda, cercana, a una peque\u00f1a de 12 a\u00f1os, no se vale que quede en el \u201cay se va\u201d.<\/p>\n\n\n\n<p>En otra ocasi\u00f3n hubo algo similar pero como no hubo denuncia solo se lleg\u00f3 a la mediaci\u00f3n y ah\u00ed qued\u00f3, \u00bfpor qu\u00e9 permiten que este tipo siga trabajando en instituciones escolares donde peligran nuestras ni\u00f1as y ni\u00f1os?&#8221;, expuso.<\/p>\n\n\n\n<p>La afectada llam\u00f3 tanto al gobernador Cuitl\u00e1huac Garc\u00eda Jim\u00e9nez, como al secretario de Educaci\u00f3n, Zenzayen Escobar Garc\u00eda para que haya justicia en este caso.<br>Explic\u00f3 que este martes habr\u00e1 una reuni\u00f3n de mediaci\u00f3n entre las autoridades, el docente y los familiares, sin embargo, adelant\u00f3 que no aceptar\u00e1 mediar absolutamente nada que no sea que el agresor vaya a la c\u00e1rcel.<\/p>\n\n\n\n<p>Dijo que ir\u00e1 a las \u00faltimas consecuencias porque ya present\u00f3 las denuncias correspondientes, as\u00ed como queja ante la Comisi\u00f3n Estatal de Derechos Humanos y ante el Instituto Municipal de las Mujeres.<\/p>\n","protected":false},"excerpt":{"rendered":"<p>Dar\u00edo Pale Xalapa, Ver.- Denuncian abuso y acoso sexual de docente de secundaria general n\u00famero 1 &#8220;Sebasti\u00e1n Lerdo de Tejada&#8221; de ubicada en la avenida Miguel Alem\u00e1n de Xalapa, por parte del profesor Ricardo Arturo Aguilar Aburto, as\u00ed lo se\u00f1al\u00f3 la familiar de una estudiante de 12 a\u00f1os de edad en el interior del plantel. [&hellip;]<\/p>\n","protected":false},"author":1,"featured_media":28812,"comment_status":"open","ping_status":"open","sticky":false,"template":"","format":"standard","meta":{"_jetpack_memberships_contains_paid_content":false,"footnotes":""},"categories":[3],"tags":[],"class_list":["post-34378","post","type-post","status-publish","format-standard","has-post-thumbnail","hentry","category-xalapa"],"jetpack_featured_media_url":"https:\/\/encuentroinformativo.com.mx\/wp-content\/uploads\/2022\/06\/5D888F10-EE7E-4342-A06F-0651F3FF9F95.jpeg","jetpack_sharing_enabled":true,"jetpack_likes_enabled":true,"amp_enabled":true,"_links":{"self":[{"href":"https:\/\/encuentroinformativo.com.mx\/index.php?rest_route=\/wp\/v2\/posts\/34378","targetHints":{"allow":["GET"]}}],"collection":[{"href":"https:\/\/encuentroinformativo.com.mx\/index.php?rest_route=\/wp\/v2\/posts"}],"about":[{"href":"https:\/\/encuentroinformativo.com.mx\/index.php?rest_route=\/wp\/v2\/types\/post"}],"author":[{"embeddable":true,"href":"https:\/\/encuentroinformativo.com.mx\/index.php?rest_route=\/wp\/v2\/users\/1"}],"replies":[{"embeddable":true,"href":"https:\/\/encuentroinformativo.com.mx\/index.php?rest_route=%2Fwp%2Fv2%2Fcomments&post=34378"}],"version-history":[{"count":1,"href":"https:\/\/encuentroinformativo.com.mx\/index.php?rest_route=\/wp\/v2\/posts\/34378\/revisions"}],"predecessor-version":[{"id":34380,"href":"https:\/\/encuentroinformativo.com.mx\/index.php?rest_route=\/wp\/v2\/posts\/34378\/revisions\/34380"}],"wp:featuredmedia":[{"embeddable":true,"href":"https:\/\/encuentroinformativo.com.mx\/index.php?rest_route=\/wp\/v2\/media\/28812"}],"wp:attachment":[{"href":"https:\/\/encuentroinformativo.com.mx\/index.php?rest_route=%2Fwp%2Fv2%2Fmedia&parent=34378"}],"wp:term":[{"taxonomy":"category","embeddable":true,"href":"https:\/\/encuentroinformativo.com.mx\/index.php?rest_route=%2Fwp%2Fv2%2Fcategories&post=34378"},{"taxonomy":"post_tag","embeddable":true,"href":"https:\/\/encuentroinformativo.com.mx\/index.php?rest_route=%2Fwp%2Fv2%2Ftags&post=34378"}],"curies":[{"name":"wp","href":"https:\/\/api.w.org\/{rel}","templated":true}]}}