{"id":34386,"date":"2022-12-12T17:54:23","date_gmt":"2022-12-12T23:54:23","guid":{"rendered":"https:\/\/encuentroinformativo.com.mx\/?p=34386"},"modified":"2022-12-12T17:54:27","modified_gmt":"2022-12-12T23:54:27","slug":"inaugura-alcalde-jm-unanue-la-primera-etapa-de-pavimentacion-de-la-avenida-juan-pablo-ii","status":"publish","type":"post","link":"https:\/\/encuentroinformativo.com.mx\/?p=34386","title":{"rendered":"Inaugura Alcalde JM Un\u00e1nue, la primera etapa de pavimentaci\u00f3n de la Avenida Juan Pablo II"},"content":{"rendered":"\n<p><strong>*<em>Con este tipo de obras, se contin\u00faa mejorando la imagen y la vialidad de toda la ciudad, destac\u00f3<\/em>.<\/strong><\/p>\n\n\n\n<p>Boca del R\u00edo, Ver.- En Boca del R\u00edo, la infraestructura municipal ha logrado posicionar al municipio como uno de los m\u00e1s modernos y productivos del sureste mexicano, dijo el Alcalde Juan Manuel Un\u00e1nue Abascal.<\/p>\n\n\n\n<p>La primera autoridad de la ciudad, encabez\u00f3 el corte de list\u00f3n de pavimentaci\u00f3n en concreto hidr\u00e1ulico de la primera etapa de la Avenida Juan Pablo II, que comprende el tramo entre el Bulevar Manuel \u00c1vila Camacho y el Bulevar Adolfo Ruiz Cortines, la cual mejora la vialidad de esta importante calzada, que es una de las m\u00e1s transitadas de la zona conurbada, por su gran oferta comercial y de vivienda.<\/p>\n\n\n\n<p>En esta obra, se pavimentaron con concreto hidr\u00e1ulico m\u00e1s de 13 mil metros cuadrados, con un espesor de 15 cm, inform\u00f3 el Edil, que fue acompa\u00f1ado por la Presidenta del DIF Municipal, Melina Rivera de Un\u00e1nue.<\/p>\n\n\n\n<p>\u201cSe va a incluir en el Plan de Obras la segunda etapa que la haremos de D\u00edaz Mir\u00f3n a Espa\u00f1a, posteriormente en el tercer a\u00f1o, se proyectar\u00e1 de Espa\u00f1a a Reyes Heroles y en el cuarto a\u00f1o de mi administraci\u00f3n lograremos ya empatar y concluir toda la avenida\u201d.<\/p>\n\n\n\n<p>Con dicha inauguraci\u00f3n, se beneficia de manera directa a m\u00e1s de 1000 personas que viven en la zona, as\u00ed como en comercios, sum\u00e1ndose adem\u00e1s cerca de 70 mil conductores que mensualmente transitan por la calzada.<\/p>\n\n\n\n<p>\u201cNo cabe duda de que este gobierno trabaja para todos, no solo es la construcci\u00f3n de esta avenida que es muy importante tur\u00edsticamente hablando y tambi\u00e9n comercial, tambi\u00e9n lo vemos que se trabaja en colonias, fraccionamientos y en otras avenidas\u201d, expres\u00f3 Jos\u00e9 Luis Monz\u00f3n, empresario restaurantero.<\/p>\n\n\n\n<p>Un\u00e1nue Abascal, destac\u00f3 que adem\u00e1s se realizaron otras acciones como la construcci\u00f3n de guarniciones, banquetas, se mejor\u00f3 el alumbrado p\u00fablico con todo y sus registros.<\/p>\n\n\n\n<p>Tambi\u00e9n, se realizaron acciones de jardiner\u00eda, adem\u00e1s de la colocaci\u00f3n de pasto alfombra y la siembra de 70 palmeras.<\/p>\n\n\n\n<p>Por otra parte, se realiz\u00f3 se\u00f1alamiento vial horizontal con pintura termopl\u00e1stica en flechas y pasos peatonales, coloc\u00e1ndose vialetas sobre el pavimento; se aplic\u00f3 pintura especial en guarniciones y camellones.<\/p>\n\n\n\n<p>El Presidente Municipal, destac\u00f3 que en este su primer a\u00f1o de gobierno, est\u00e1 cerrando con diversas obras de fuerte impacto social e infraestructura, mejorando y rehabilitando las principales calles y avenidas, parques, jardines, camellones y unidades deportivas.<\/p>\n\n\n\n<p>Ante regidores, directores, representantes de c\u00e1maras empresariales y ciudadanos en general, el ejecutivo municipal refrend\u00f3 su compromiso de seguir impulsando programas y acciones que se traduzcan en el mejoramiento de los servicios p\u00fablicos de la ciudad.<\/p>\n\n\n\n<p>Finalmente, el Presidente Municipal, Juan Manuel Un\u00e1nue Abascal, dijo que gracias al equipamiento urbano que se realiza en Boca del R\u00edo, la ciudad se est\u00e1 consolidando como \u00a1lo mejor de Veracruz!<\/p>\n\n\n\n<figure class=\"wp-block-image size-large\"><img loading=\"lazy\" decoding=\"async\" width=\"1024\" height=\"682\" src=\"https:\/\/encuentroinformativo.com.mx\/wp-content\/uploads\/2022\/12\/75515E31-0477-4989-8238-A8B136E52EED-1024x682.jpeg\" alt=\"\" class=\"wp-image-34388\" srcset=\"https:\/\/encuentroinformativo.com.mx\/wp-content\/uploads\/2022\/12\/75515E31-0477-4989-8238-A8B136E52EED-1024x682.jpeg 1024w, https:\/\/encuentroinformativo.com.mx\/wp-content\/uploads\/2022\/12\/75515E31-0477-4989-8238-A8B136E52EED-300x200.jpeg 300w, https:\/\/encuentroinformativo.com.mx\/wp-content\/uploads\/2022\/12\/75515E31-0477-4989-8238-A8B136E52EED-768x512.jpeg 768w, https:\/\/encuentroinformativo.com.mx\/wp-content\/uploads\/2022\/12\/75515E31-0477-4989-8238-A8B136E52EED.jpeg 1280w\" sizes=\"auto, (max-width: 1024px) 100vw, 1024px\" \/><\/figure>\n","protected":false},"excerpt":{"rendered":"<p>*Con este tipo de obras, se contin\u00faa mejorando la imagen y la vialidad de toda la ciudad, destac\u00f3. Boca del R\u00edo, Ver.- En Boca del R\u00edo, la infraestructura municipal ha logrado posicionar al municipio como uno de los m\u00e1s modernos y productivos del sureste mexicano, dijo el Alcalde Juan Manuel Un\u00e1nue Abascal. La primera autoridad [&hellip;]<\/p>\n","protected":false},"author":1,"featured_media":34387,"comment_status":"open","ping_status":"open","sticky":false,"template":"","format":"standard","meta":{"_jetpack_memberships_contains_paid_content":false,"footnotes":""},"categories":[2],"tags":[],"class_list":["post-34386","post","type-post","status-publish","format-standard","has-post-thumbnail","hentry","category-estado"],"jetpack_featured_media_url":"https:\/\/encuentroinformativo.com.mx\/wp-content\/uploads\/2022\/12\/5D503EA1-5703-4E7D-879E-53EB31564286.jpeg","jetpack_sharing_enabled":true,"jetpack_likes_enabled":true,"amp_enabled":true,"_links":{"self":[{"href":"https:\/\/encuentroinformativo.com.mx\/index.php?rest_route=\/wp\/v2\/posts\/34386","targetHints":{"allow":["GET"]}}],"collection":[{"href":"https:\/\/encuentroinformativo.com.mx\/index.php?rest_route=\/wp\/v2\/posts"}],"about":[{"href":"https:\/\/encuentroinformativo.com.mx\/index.php?rest_route=\/wp\/v2\/types\/post"}],"author":[{"embeddable":true,"href":"https:\/\/encuentroinformativo.com.mx\/index.php?rest_route=\/wp\/v2\/users\/1"}],"replies":[{"embeddable":true,"href":"https:\/\/encuentroinformativo.com.mx\/index.php?rest_route=%2Fwp%2Fv2%2Fcomments&post=34386"}],"version-history":[{"count":1,"href":"https:\/\/encuentroinformativo.com.mx\/index.php?rest_route=\/wp\/v2\/posts\/34386\/revisions"}],"predecessor-version":[{"id":34389,"href":"https:\/\/encuentroinformativo.com.mx\/index.php?rest_route=\/wp\/v2\/posts\/34386\/revisions\/34389"}],"wp:featuredmedia":[{"embeddable":true,"href":"https:\/\/encuentroinformativo.com.mx\/index.php?rest_route=\/wp\/v2\/media\/34387"}],"wp:attachment":[{"href":"https:\/\/encuentroinformativo.com.mx\/index.php?rest_route=%2Fwp%2Fv2%2Fmedia&parent=34386"}],"wp:term":[{"taxonomy":"category","embeddable":true,"href":"https:\/\/encuentroinformativo.com.mx\/index.php?rest_route=%2Fwp%2Fv2%2Fcategories&post=34386"},{"taxonomy":"post_tag","embeddable":true,"href":"https:\/\/encuentroinformativo.com.mx\/index.php?rest_route=%2Fwp%2Fv2%2Ftags&post=34386"}],"curies":[{"name":"wp","href":"https:\/\/api.w.org\/{rel}","templated":true}]}}