{"id":34391,"date":"2022-12-13T09:27:53","date_gmt":"2022-12-13T15:27:53","guid":{"rendered":"https:\/\/encuentroinformativo.com.mx\/?p=34391"},"modified":"2022-12-13T09:27:56","modified_gmt":"2022-12-13T15:27:56","slug":"ganas-a-nahle","status":"publish","type":"post","link":"https:\/\/encuentroinformativo.com.mx\/?p=34391","title":{"rendered":"GANAS A NAHLE"},"content":{"rendered":"\n<p><strong>Los Pol\u00edticos<\/strong><\/p>\n\n\n\n<p><strong>Salvador Mu\u00f1oz<\/strong><\/p>\n\n\n\n<p>Si Roc\u00edo Nahle quiere ser candidata a la Gubernatura, tiene que empezar a caminar Veracruz, ya. Ello implicar\u00eda dos cosas:<\/p>\n\n\n\n<p>La primera y m\u00e1s sencilla, hacer \u201cterritorio\u201d en la entidad, los fines de semana y no s\u00f3lo con grupos empresariales, sino la colonia, en los sindicatos y hasta si me apuran, con la prensa. Mejor a\u00fan, si puede, reunirse con los otros \u201csuspirantes\u201d de su partido que est\u00e1n al acecho, para generar la idea de que ellos la respaldan. La idea en s\u00ed, es que se haga presente y reafirme su calidad de \u201cCorcholata Mayor\u201d en Veracruz.<\/p>\n\n\n\n<p>De caj\u00f3n un trabajo en redes sociales de todos los d\u00edas, de todos los sabores y de todos los temas, hasta simples como el Trend de la Inteligencia Artificial\u2026<\/p>\n\n\n\n<p>Vamos, es decir, si ya el Presidente le dio ese t\u00edtulo pol\u00edtico de \u201cCorcholata\u201d, no basta con tenerlo, sino trabajarlo, explotarlo y sacarle brillo.<\/p>\n\n\n\n<p>Ah, tampoco se trata de centralizar todo en el Puerto de Veracruz y Xalapa, como lo hace el Senador Julen Rementer\u00eda en sus aspiraciones al 2024\u2026 es ir de Norte a Sur y aprovechar al m\u00e1ximo las 24 horas de un sabadaba y de un domingo\u2026<\/p>\n\n\n\n<p>La segunda y m\u00e1s complicada: renunciar a la Sener y meterse de lleno, todos los d\u00edas, a barbechar el terreno rumbo al 2024\u2026 por supuesto, tiene lo que resta del mes para irlo pensando, analizando cu\u00e1ndo ser\u00e1 el mejor momento para echar todas las canicas por la candidatura, pero lo principal de este punto o el anterior, es que no caiga en el exceso de confianza\u2026<\/p>\n\n\n\n<p>Si bien, hay la percepci\u00f3n de que L\u00f3pez Obrador quiere poner su nombre y apellido con letras de oro en la historia de M\u00e9xico, no s\u00f3lo por ser el primer Presidente de Izquierda y por su Cuarta Transformaci\u00f3n (que si la est\u00e1 llevando a cabo, es seguro que no le alcancen los seis a\u00f1os de Gobierno para que los incr\u00e9dulos la palpemos, la sintamos, la percibamos), sino quiz\u00e1s por ser el picaporte para que M\u00e9xico sea gobernado por una mujer\u2026 y por ende, ello repercuta en Veracruz bajo la misma tesitura\u2026 siempre y cuando ganen las elecciones, aunque dicho sea de paso, hasta este d\u00eda, las tendencias le son favorables a Morena.<\/p>\n\n\n\n<p>Luego entonces, a Roc\u00edo Nahle le urge pisar territorio veracruzano, empezar a soltarse, empezar a hacer ruido y llegar a la entidad con un buen esquema de trabajo, con una buena propuesta y sobre todo, con sustento y argumento, porque la propuesta que pudiera tener, ya se la han comido varios: la reducci\u00f3n de tarifas en determinadas zonas de Veracruz\u2026<\/p>\n\n\n\n<p>Julen Rementer\u00eda agarr\u00f3 esa bandera\u2026 Marijose Gamboa igual se envolvi\u00f3 en ella\u2026 Ricardo Ahued fue el que inici\u00f3 esta cruzada cuando era Senador y hasta el mismo Cheko Guti\u00e9rrez Luna en alg\u00fan momento la iz\u00f3\u2026<\/p>\n\n\n\n<p>Al final, se supone que por ser la secre de Energ\u00eda uno desde nuestra simpleza ciudadana dice: ella puede lograr la reducci\u00f3n de tarifas de energ\u00eda el\u00e9ctrica en algunas zonas de la entidad\u2026<\/p>\n\n\n\n<p>Conste, se habla de esto en funci\u00f3n del 2023\u2026 y a partir de ese a\u00f1o, ir definiendo rumbos, propuestas, ideas, alianzas\u2026 y candidaturas.<\/p>\n\n\n\n<p>Si Nahle quiere ser candidata, lo menos que esperamos es verle ganas\u2026<\/p>\n","protected":false},"excerpt":{"rendered":"<p>Los Pol\u00edticos Salvador Mu\u00f1oz Si Roc\u00edo Nahle quiere ser candidata a la Gubernatura, tiene que empezar a caminar Veracruz, ya. Ello implicar\u00eda dos cosas: La primera y m\u00e1s sencilla, hacer \u201cterritorio\u201d en la entidad, los fines de semana y no s\u00f3lo con grupos empresariales, sino la colonia, en los sindicatos y hasta si me apuran, [&hellip;]<\/p>\n","protected":false},"author":1,"featured_media":387,"comment_status":"open","ping_status":"open","sticky":false,"template":"","format":"standard","meta":{"_jetpack_memberships_contains_paid_content":false,"footnotes":""},"categories":[11],"tags":[],"class_list":["post-34391","post","type-post","status-publish","format-standard","has-post-thumbnail","hentry","category-opinion"],"jetpack_featured_media_url":"https:\/\/encuentroinformativo.com.mx\/wp-content\/uploads\/2020\/03\/7CF8A22B-2764-47BE-8F7F-38FE9E5D6A2F.jpeg","jetpack_sharing_enabled":true,"jetpack_likes_enabled":true,"amp_enabled":true,"_links":{"self":[{"href":"https:\/\/encuentroinformativo.com.mx\/index.php?rest_route=\/wp\/v2\/posts\/34391","targetHints":{"allow":["GET"]}}],"collection":[{"href":"https:\/\/encuentroinformativo.com.mx\/index.php?rest_route=\/wp\/v2\/posts"}],"about":[{"href":"https:\/\/encuentroinformativo.com.mx\/index.php?rest_route=\/wp\/v2\/types\/post"}],"author":[{"embeddable":true,"href":"https:\/\/encuentroinformativo.com.mx\/index.php?rest_route=\/wp\/v2\/users\/1"}],"replies":[{"embeddable":true,"href":"https:\/\/encuentroinformativo.com.mx\/index.php?rest_route=%2Fwp%2Fv2%2Fcomments&post=34391"}],"version-history":[{"count":1,"href":"https:\/\/encuentroinformativo.com.mx\/index.php?rest_route=\/wp\/v2\/posts\/34391\/revisions"}],"predecessor-version":[{"id":34392,"href":"https:\/\/encuentroinformativo.com.mx\/index.php?rest_route=\/wp\/v2\/posts\/34391\/revisions\/34392"}],"wp:featuredmedia":[{"embeddable":true,"href":"https:\/\/encuentroinformativo.com.mx\/index.php?rest_route=\/wp\/v2\/media\/387"}],"wp:attachment":[{"href":"https:\/\/encuentroinformativo.com.mx\/index.php?rest_route=%2Fwp%2Fv2%2Fmedia&parent=34391"}],"wp:term":[{"taxonomy":"category","embeddable":true,"href":"https:\/\/encuentroinformativo.com.mx\/index.php?rest_route=%2Fwp%2Fv2%2Fcategories&post=34391"},{"taxonomy":"post_tag","embeddable":true,"href":"https:\/\/encuentroinformativo.com.mx\/index.php?rest_route=%2Fwp%2Fv2%2Ftags&post=34391"}],"curies":[{"name":"wp","href":"https:\/\/api.w.org\/{rel}","templated":true}]}}