{"id":34393,"date":"2022-12-12T10:29:06","date_gmt":"2022-12-12T16:29:06","guid":{"rendered":"https:\/\/encuentroinformativo.com.mx\/?p=34393"},"modified":"2022-12-13T10:34:26","modified_gmt":"2022-12-13T16:34:26","slug":"investigan-muerte-de-nino-peregrino-en-veracruz-puerto","status":"publish","type":"post","link":"https:\/\/encuentroinformativo.com.mx\/?p=34393","title":{"rendered":"Investigan muerte de ni\u00f1o peregrino en Veracruz puerto"},"content":{"rendered":"\n<p><strong>Juan Arcos<\/strong><\/p>\n\n\n\n<p>Veracruz, Ver.- Un ni\u00f1o, de siete a\u00f1os, muri\u00f3 durante una peregrinaci\u00f3n en el puerto de Veracruz, durante la noche del domingo del 11 de diciembre, a unas horas de \u201cLas Ma\u00f1anitas\u201d en honor a la Virgen de Guadalupe.<\/p>\n\n\n\n<p>El menor viajaba con su familia a bordo de un autob\u00fas, cuando sac\u00f3 la cabeza por la ventana y se golpe\u00f3 con fuerza contra un poste de luz, ocasion\u00e1ndole traumatismo craneoencef\u00e1lico y la muerte inmediata.<\/p>\n\n\n\n<p>Esto sucedi\u00f3 sobre las avenidas Raz y Guzm\u00e1n, a la altura del Instituto Tecnol\u00f3gico de Veracruz, donde el ni\u00f1o se asom\u00f3 por la ventana para grabar con un celular la peregrinaci\u00f3n en la que participaba.<\/p>\n\n\n\n<p>El infante iba acompa\u00f1ado de su t\u00eda, quien observ\u00f3 el momento en que ocurri\u00f3 este lamentable hecho, externando con gritos el dolor a causa de esta tragedia.<\/p>\n\n\n\n<p>Al sitio arribaron param\u00e9dicos de la Cruz Roja, quienes intentaron reanimarlo pero ya carec\u00eda de signos vitales.<\/p>\n\n\n\n<p>El cami\u00f3n de transporte p\u00fablico era de la ruta Buenavista y, se presume que el chofer manejaba a exceso de velocidad y cerca de la acera.<\/p>\n\n\n\n<p>Elementos de la Polic\u00eda Municipal y de la Secretar\u00eda de Seguridad P\u00fablica (SSP) acordonaron la zona en espera del personal de la Fiscal\u00eda General del Estado (FGE), para las investigaciones pertinentes.<\/p>\n\n\n\n<p>El cuerpo del menor fue trasladado al Servicio M\u00e9dico Forense (Semefo) y el conductor del autob\u00fas huy\u00f3 del lugar de los hechos.\u00a0<\/p>\n","protected":false},"excerpt":{"rendered":"<p>Juan Arcos Veracruz, Ver.- Un ni\u00f1o, de siete a\u00f1os, muri\u00f3 durante una peregrinaci\u00f3n en el puerto de Veracruz, durante la noche del domingo del 11 de diciembre, a unas horas de \u201cLas Ma\u00f1anitas\u201d en honor a la Virgen de Guadalupe. El menor viajaba con su familia a bordo de un autob\u00fas, cuando sac\u00f3 la cabeza [&hellip;]<\/p>\n","protected":false},"author":1,"featured_media":34394,"comment_status":"open","ping_status":"open","sticky":false,"template":"","format":"standard","meta":{"_jetpack_memberships_contains_paid_content":false,"footnotes":""},"categories":[14],"tags":[],"class_list":["post-34393","post","type-post","status-publish","format-standard","has-post-thumbnail","hentry","category-policiaca"],"jetpack_featured_media_url":"https:\/\/encuentroinformativo.com.mx\/wp-content\/uploads\/2022\/12\/3C794647-ED43-48EA-92CE-28E3F41B4AF8.jpeg","jetpack_sharing_enabled":true,"jetpack_likes_enabled":true,"amp_enabled":true,"_links":{"self":[{"href":"https:\/\/encuentroinformativo.com.mx\/index.php?rest_route=\/wp\/v2\/posts\/34393","targetHints":{"allow":["GET"]}}],"collection":[{"href":"https:\/\/encuentroinformativo.com.mx\/index.php?rest_route=\/wp\/v2\/posts"}],"about":[{"href":"https:\/\/encuentroinformativo.com.mx\/index.php?rest_route=\/wp\/v2\/types\/post"}],"author":[{"embeddable":true,"href":"https:\/\/encuentroinformativo.com.mx\/index.php?rest_route=\/wp\/v2\/users\/1"}],"replies":[{"embeddable":true,"href":"https:\/\/encuentroinformativo.com.mx\/index.php?rest_route=%2Fwp%2Fv2%2Fcomments&post=34393"}],"version-history":[{"count":1,"href":"https:\/\/encuentroinformativo.com.mx\/index.php?rest_route=\/wp\/v2\/posts\/34393\/revisions"}],"predecessor-version":[{"id":34395,"href":"https:\/\/encuentroinformativo.com.mx\/index.php?rest_route=\/wp\/v2\/posts\/34393\/revisions\/34395"}],"wp:featuredmedia":[{"embeddable":true,"href":"https:\/\/encuentroinformativo.com.mx\/index.php?rest_route=\/wp\/v2\/media\/34394"}],"wp:attachment":[{"href":"https:\/\/encuentroinformativo.com.mx\/index.php?rest_route=%2Fwp%2Fv2%2Fmedia&parent=34393"}],"wp:term":[{"taxonomy":"category","embeddable":true,"href":"https:\/\/encuentroinformativo.com.mx\/index.php?rest_route=%2Fwp%2Fv2%2Fcategories&post=34393"},{"taxonomy":"post_tag","embeddable":true,"href":"https:\/\/encuentroinformativo.com.mx\/index.php?rest_route=%2Fwp%2Fv2%2Ftags&post=34393"}],"curies":[{"name":"wp","href":"https:\/\/api.w.org\/{rel}","templated":true}]}}