{"id":34396,"date":"2022-12-13T10:41:59","date_gmt":"2022-12-13T16:41:59","guid":{"rendered":"https:\/\/encuentroinformativo.com.mx\/?p=34396"},"modified":"2022-12-13T10:42:03","modified_gmt":"2022-12-13T16:42:03","slug":"desde-el-senado-exigen-reactivar-juicio-politico-contra-tania-vasquez","status":"publish","type":"post","link":"https:\/\/encuentroinformativo.com.mx\/?p=34396","title":{"rendered":"Desde el Senado exigen reactivar juicio pol\u00edtico contra Tania V\u00e1squez"},"content":{"rendered":"\n<p><strong>Alejandro \u00c1vila<\/strong><\/p>\n\n\n\n<p>Veracruz, Ver.- La Senadora, Indira Rosales San Rom\u00e1n, env\u00edo un oficio al presidente de la Mesa Directiva del Senado, Alejandro Armenta Mier, para que sea incluido en el orden del d\u00eda de este martes 13 de diciembre, el punto de acuerdo de inicio de tr\u00e1mites de juicio pol\u00edtico en contra de Tania Celina V\u00e1squez Mu\u00f1oz.<\/p>\n\n\n\n<p>Cabe mencionar en el mes de marzo, la Senadora veracruzana ya hab\u00eda solicitado el juicio pol\u00edtico en contra de la presidenta del Tribunal Electoral de Veracruz (TEV) Tania Celina V\u00e1squez Mu\u00f1oz; as\u00ed como del Magistrado, Roberto Eduardo Sigala Aguilar, por presuntamente servir a los intereses de un partido pol\u00edtico en particular.<\/p>\n\n\n\n<p>El pasado fin de semana, la presidenta del Tribunal Electoral de Veracruz acudi\u00f3 al aniversario de la organizaci\u00f3n pol\u00edtica Unidos Todos, la cual es af\u00edn a Morena, pues es dirigida por el subsecretario de Finanzas, Eleazar Guerrero.<\/p>\n\n\n\n<p>En dicho evento, incluso promovi\u00f3 seguir la ruta de la Cuarta Transformaci\u00f3n, lo que evidentemente afecta en sus labores de imparcialidad en el Tribunal Electoral de Veracruz.<\/p>\n\n\n\n<p>En el documento presentado la noche de este lunes 12 de diciembre, la Senadora, Indira Rosales San Rom\u00e1n, solicita que a trav\u00e9s de la C\u00e1mara de Senadores los diputados federales inicio con el tr\u00e1mite del juicio pol\u00edtico a la brevedad posible.<\/p>\n","protected":false},"excerpt":{"rendered":"<p>Alejandro \u00c1vila Veracruz, Ver.- La Senadora, Indira Rosales San Rom\u00e1n, env\u00edo un oficio al presidente de la Mesa Directiva del Senado, Alejandro Armenta Mier, para que sea incluido en el orden del d\u00eda de este martes 13 de diciembre, el punto de acuerdo de inicio de tr\u00e1mites de juicio pol\u00edtico en contra de Tania Celina [&hellip;]<\/p>\n","protected":false},"author":1,"featured_media":34397,"comment_status":"open","ping_status":"open","sticky":false,"template":"","format":"standard","meta":{"_jetpack_memberships_contains_paid_content":false,"footnotes":""},"categories":[12],"tags":[],"class_list":["post-34396","post","type-post","status-publish","format-standard","has-post-thumbnail","hentry","category-nacional"],"jetpack_featured_media_url":"https:\/\/encuentroinformativo.com.mx\/wp-content\/uploads\/2022\/12\/83915292-4345-479A-AA70-41ECAB3C2D83.jpeg","jetpack_sharing_enabled":true,"jetpack_likes_enabled":true,"amp_enabled":true,"_links":{"self":[{"href":"https:\/\/encuentroinformativo.com.mx\/index.php?rest_route=\/wp\/v2\/posts\/34396","targetHints":{"allow":["GET"]}}],"collection":[{"href":"https:\/\/encuentroinformativo.com.mx\/index.php?rest_route=\/wp\/v2\/posts"}],"about":[{"href":"https:\/\/encuentroinformativo.com.mx\/index.php?rest_route=\/wp\/v2\/types\/post"}],"author":[{"embeddable":true,"href":"https:\/\/encuentroinformativo.com.mx\/index.php?rest_route=\/wp\/v2\/users\/1"}],"replies":[{"embeddable":true,"href":"https:\/\/encuentroinformativo.com.mx\/index.php?rest_route=%2Fwp%2Fv2%2Fcomments&post=34396"}],"version-history":[{"count":1,"href":"https:\/\/encuentroinformativo.com.mx\/index.php?rest_route=\/wp\/v2\/posts\/34396\/revisions"}],"predecessor-version":[{"id":34398,"href":"https:\/\/encuentroinformativo.com.mx\/index.php?rest_route=\/wp\/v2\/posts\/34396\/revisions\/34398"}],"wp:featuredmedia":[{"embeddable":true,"href":"https:\/\/encuentroinformativo.com.mx\/index.php?rest_route=\/wp\/v2\/media\/34397"}],"wp:attachment":[{"href":"https:\/\/encuentroinformativo.com.mx\/index.php?rest_route=%2Fwp%2Fv2%2Fmedia&parent=34396"}],"wp:term":[{"taxonomy":"category","embeddable":true,"href":"https:\/\/encuentroinformativo.com.mx\/index.php?rest_route=%2Fwp%2Fv2%2Fcategories&post=34396"},{"taxonomy":"post_tag","embeddable":true,"href":"https:\/\/encuentroinformativo.com.mx\/index.php?rest_route=%2Fwp%2Fv2%2Ftags&post=34396"}],"curies":[{"name":"wp","href":"https:\/\/api.w.org\/{rel}","templated":true}]}}