{"id":34399,"date":"2022-12-13T11:10:20","date_gmt":"2022-12-13T17:10:20","guid":{"rendered":"https:\/\/encuentroinformativo.com.mx\/?p=34399"},"modified":"2022-12-13T11:10:23","modified_gmt":"2022-12-13T17:10:23","slug":"dos-muertos-en-accidente-de-trailer-en-altotonga","status":"publish","type":"post","link":"https:\/\/encuentroinformativo.com.mx\/?p=34399","title":{"rendered":"Dos muertos en accidente de tr\u00e1iler en Altotonga"},"content":{"rendered":"\n<p><strong>Alejandro \u00c1vila<\/strong><\/p>\n\n\n\n<p>Altotonga, Ver.- Dos personas fallecidas fue el saldo de un fuerte accidente ocurrido en el municipio de Altotonga, a la altura de la reserva natural de Pancho Poza.<\/p>\n\n\n\n<p>Seg\u00fan testigos, un tr\u00e1iler en exceso de velocidad se sali\u00f3 de la carpeta asf\u00e1ltica para estrellarse con la entrada a las caba\u00f1as &#8220;El Rinc\u00f3n de Pancho&#8221;, lo cual dej\u00f3 da\u00f1os materiales cuantiosos y la muerte del conductor y su copiloto.<\/p>\n\n\n\n<p>Los hechos ocurrieron alrededor de las 7 de la ma\u00f1ana de este martes 13 de diciembre, d\u00f3nde lamentablemente el conductor y copiloto murieron al instante tras quedar prensado en los fierros de la unidad m\u00f3vil.<\/p>\n\n\n\n<p>Al lugar llegaron elementos de la Polic\u00eda Municipal qui\u00e9nes acordonaron el \u00e1rea, y con apoyo de vecinos y rescatistas intentaron despejar la zona afectada.<\/p>\n\n\n\n<p>Es de mencionar qu\u00e9 los comerciantes de la reserva natural de Pancho Poza han solicitado en innumerables ocasiones qu\u00e9 se genere alguna contenci\u00f3n, pues en la carretera federal Perote &#8211; Altotonga &#8211; Atzalan descienden varios trailers a exceso de velocidad, lo cual ha provocado diversos accidentes con perdidas lamentables.<\/p>\n\n\n\n<figure class=\"wp-block-image size-large\"><img loading=\"lazy\" decoding=\"async\" width=\"1024\" height=\"576\" src=\"https:\/\/encuentroinformativo.com.mx\/wp-content\/uploads\/2022\/12\/337AB215-EF4E-425C-B4BE-45FEB827D0EB-1024x576.jpeg\" alt=\"\" class=\"wp-image-34401\" srcset=\"https:\/\/encuentroinformativo.com.mx\/wp-content\/uploads\/2022\/12\/337AB215-EF4E-425C-B4BE-45FEB827D0EB-1024x576.jpeg 1024w, https:\/\/encuentroinformativo.com.mx\/wp-content\/uploads\/2022\/12\/337AB215-EF4E-425C-B4BE-45FEB827D0EB-300x169.jpeg 300w, https:\/\/encuentroinformativo.com.mx\/wp-content\/uploads\/2022\/12\/337AB215-EF4E-425C-B4BE-45FEB827D0EB-768x432.jpeg 768w, https:\/\/encuentroinformativo.com.mx\/wp-content\/uploads\/2022\/12\/337AB215-EF4E-425C-B4BE-45FEB827D0EB-1536x864.jpeg 1536w, https:\/\/encuentroinformativo.com.mx\/wp-content\/uploads\/2022\/12\/337AB215-EF4E-425C-B4BE-45FEB827D0EB.jpeg 1600w\" sizes=\"auto, (max-width: 1024px) 100vw, 1024px\" \/><\/figure>\n","protected":false},"excerpt":{"rendered":"<p>Alejandro \u00c1vila Altotonga, Ver.- Dos personas fallecidas fue el saldo de un fuerte accidente ocurrido en el municipio de Altotonga, a la altura de la reserva natural de Pancho Poza. Seg\u00fan testigos, un tr\u00e1iler en exceso de velocidad se sali\u00f3 de la carpeta asf\u00e1ltica para estrellarse con la entrada a las caba\u00f1as &#8220;El Rinc\u00f3n de [&hellip;]<\/p>\n","protected":false},"author":1,"featured_media":34400,"comment_status":"open","ping_status":"open","sticky":false,"template":"","format":"standard","meta":{"_jetpack_memberships_contains_paid_content":false,"footnotes":""},"categories":[8],"tags":[],"class_list":["post-34399","post","type-post","status-publish","format-standard","has-post-thumbnail","hentry","category-region"],"jetpack_featured_media_url":"https:\/\/encuentroinformativo.com.mx\/wp-content\/uploads\/2022\/12\/2C1257CC-5492-4FB6-ACA6-F1A8BE9AC212.jpeg","jetpack_sharing_enabled":true,"jetpack_likes_enabled":true,"amp_enabled":true,"_links":{"self":[{"href":"https:\/\/encuentroinformativo.com.mx\/index.php?rest_route=\/wp\/v2\/posts\/34399","targetHints":{"allow":["GET"]}}],"collection":[{"href":"https:\/\/encuentroinformativo.com.mx\/index.php?rest_route=\/wp\/v2\/posts"}],"about":[{"href":"https:\/\/encuentroinformativo.com.mx\/index.php?rest_route=\/wp\/v2\/types\/post"}],"author":[{"embeddable":true,"href":"https:\/\/encuentroinformativo.com.mx\/index.php?rest_route=\/wp\/v2\/users\/1"}],"replies":[{"embeddable":true,"href":"https:\/\/encuentroinformativo.com.mx\/index.php?rest_route=%2Fwp%2Fv2%2Fcomments&post=34399"}],"version-history":[{"count":1,"href":"https:\/\/encuentroinformativo.com.mx\/index.php?rest_route=\/wp\/v2\/posts\/34399\/revisions"}],"predecessor-version":[{"id":34402,"href":"https:\/\/encuentroinformativo.com.mx\/index.php?rest_route=\/wp\/v2\/posts\/34399\/revisions\/34402"}],"wp:featuredmedia":[{"embeddable":true,"href":"https:\/\/encuentroinformativo.com.mx\/index.php?rest_route=\/wp\/v2\/media\/34400"}],"wp:attachment":[{"href":"https:\/\/encuentroinformativo.com.mx\/index.php?rest_route=%2Fwp%2Fv2%2Fmedia&parent=34399"}],"wp:term":[{"taxonomy":"category","embeddable":true,"href":"https:\/\/encuentroinformativo.com.mx\/index.php?rest_route=%2Fwp%2Fv2%2Fcategories&post=34399"},{"taxonomy":"post_tag","embeddable":true,"href":"https:\/\/encuentroinformativo.com.mx\/index.php?rest_route=%2Fwp%2Fv2%2Ftags&post=34399"}],"curies":[{"name":"wp","href":"https:\/\/api.w.org\/{rel}","templated":true}]}}