{"id":34409,"date":"2022-12-13T14:19:00","date_gmt":"2022-12-13T20:19:00","guid":{"rendered":"https:\/\/encuentroinformativo.com.mx\/?p=34409"},"modified":"2022-12-13T14:19:04","modified_gmt":"2022-12-13T20:19:04","slug":"se-queja-magisterio-por-mal-servicio-en-clinicas-del-imss","status":"publish","type":"post","link":"https:\/\/encuentroinformativo.com.mx\/?p=34409","title":{"rendered":"Se queja magisterio por mal servicio en cl\u00ednicas del IMSS"},"content":{"rendered":"\n<p><strong>Juan Arcos<\/strong><\/p>\n\n\n\n<p>Xalapa, Ver.- Integrantes del Sindicato Magisterial Veracruzano (SMV) denunciaron que han padecido un mal servicio en las cl\u00ednicas y hospitales del Instituto Mexicano del Seguro Social (IMSS).<\/p>\n\n\n\n<p>De acuerdo con el secretario general del SMV, Ram\u00f3n Dom\u00ednguez Polo, los docentes son tratados como trabajadores de \u201csegunda clase\u201d, sufriendo discriminaci\u00f3n.<\/p>\n\n\n\n<p>El l\u00edder sindical se\u00f1al\u00f3 que el IMSS carece de m\u00e9dicos especialistas, quir\u00f3fanos e insumos, lo que afecta gravemente a todos los derechohabientes.<\/p>\n\n\n\n<p>\u201cY peor a\u00fan los equipos como son los electrocardi\u00f3grafos, tom\u00f3grafos, rayos RX, m\u00e1quinas para di\u00e1lisis y hemodi\u00e1lisis, ultra sonidos, se encuentran descompuestos o en su caso algunos inservibles para poder realizar los estudios avanzados para nuestros socios\u201d, expres\u00f3.<\/p>\n\n\n\n<p>Tambi\u00e9n consider\u00f3 que este problema es \u201cminimizado\u201d por el personal m\u00e9dico y administrativo, quienes reprograman las citas hasta por m\u00e1s de cuatro meses, situaci\u00f3n que pone en peligro la vida de los pacientes.<\/p>\n\n\n\n<p>Coment\u00f3 que tambi\u00e9n es notorio el desabasto de medicamentos, pues deben esperar hasta dos meses para que las farmacias de dicho instituto surtan las recetas m\u00e9dicas.<\/p>\n\n\n\n<p>Por otra parte, Dom\u00ednguez Polo exigi\u00f3 al Seguro Social de los Trabajadores de la Educaci\u00f3n del Estado de Veracruz (SSTEEV) que d\u00e9 celeridad al otorgamiento de los pr\u00e9stamos a corto plazo, pues resulta un tr\u00e1mite tedioso para los agremiados.<\/p>\n\n\n\n<p>\u201cPor si fuera poco, se tienen que esperar d\u00edas o semanas para poder recibir dichos recursos, que por cierto con intereses m\u00e1s altos que los que cobra una instituci\u00f3n financiera particular\u201d, enfatiz\u00f3.<\/p>\n\n\n\n<p>Mediante una carta abierta, el dirigente del SMV pidi\u00f3 al gobernador Cuitl\u00e1huac Garc\u00eda Jim\u00e9nez que se atiendan dichas problem\u00e1ticas lo antes posible, pues afectan gravemente a los docentes.<\/p>\n","protected":false},"excerpt":{"rendered":"<p>Juan Arcos Xalapa, Ver.- Integrantes del Sindicato Magisterial Veracruzano (SMV) denunciaron que han padecido un mal servicio en las cl\u00ednicas y hospitales del Instituto Mexicano del Seguro Social (IMSS). De acuerdo con el secretario general del SMV, Ram\u00f3n Dom\u00ednguez Polo, los docentes son tratados como trabajadores de \u201csegunda clase\u201d, sufriendo discriminaci\u00f3n. El l\u00edder sindical se\u00f1al\u00f3 [&hellip;]<\/p>\n","protected":false},"author":1,"featured_media":34410,"comment_status":"open","ping_status":"open","sticky":false,"template":"","format":"standard","meta":{"_jetpack_memberships_contains_paid_content":false,"footnotes":""},"categories":[9],"tags":[],"class_list":["post-34409","post","type-post","status-publish","format-standard","has-post-thumbnail","hentry","category-salud"],"jetpack_featured_media_url":"https:\/\/encuentroinformativo.com.mx\/wp-content\/uploads\/2022\/12\/338772D7-9C6E-4384-A7C6-D5A9AE0B06EF.jpeg","jetpack_sharing_enabled":true,"jetpack_likes_enabled":true,"amp_enabled":true,"_links":{"self":[{"href":"https:\/\/encuentroinformativo.com.mx\/index.php?rest_route=\/wp\/v2\/posts\/34409","targetHints":{"allow":["GET"]}}],"collection":[{"href":"https:\/\/encuentroinformativo.com.mx\/index.php?rest_route=\/wp\/v2\/posts"}],"about":[{"href":"https:\/\/encuentroinformativo.com.mx\/index.php?rest_route=\/wp\/v2\/types\/post"}],"author":[{"embeddable":true,"href":"https:\/\/encuentroinformativo.com.mx\/index.php?rest_route=\/wp\/v2\/users\/1"}],"replies":[{"embeddable":true,"href":"https:\/\/encuentroinformativo.com.mx\/index.php?rest_route=%2Fwp%2Fv2%2Fcomments&post=34409"}],"version-history":[{"count":1,"href":"https:\/\/encuentroinformativo.com.mx\/index.php?rest_route=\/wp\/v2\/posts\/34409\/revisions"}],"predecessor-version":[{"id":34411,"href":"https:\/\/encuentroinformativo.com.mx\/index.php?rest_route=\/wp\/v2\/posts\/34409\/revisions\/34411"}],"wp:featuredmedia":[{"embeddable":true,"href":"https:\/\/encuentroinformativo.com.mx\/index.php?rest_route=\/wp\/v2\/media\/34410"}],"wp:attachment":[{"href":"https:\/\/encuentroinformativo.com.mx\/index.php?rest_route=%2Fwp%2Fv2%2Fmedia&parent=34409"}],"wp:term":[{"taxonomy":"category","embeddable":true,"href":"https:\/\/encuentroinformativo.com.mx\/index.php?rest_route=%2Fwp%2Fv2%2Fcategories&post=34409"},{"taxonomy":"post_tag","embeddable":true,"href":"https:\/\/encuentroinformativo.com.mx\/index.php?rest_route=%2Fwp%2Fv2%2Ftags&post=34409"}],"curies":[{"name":"wp","href":"https:\/\/api.w.org\/{rel}","templated":true}]}}