{"id":34412,"date":"2022-12-13T14:48:01","date_gmt":"2022-12-13T20:48:01","guid":{"rendered":"https:\/\/encuentroinformativo.com.mx\/?p=34412"},"modified":"2022-12-13T14:48:04","modified_gmt":"2022-12-13T20:48:04","slug":"solicitan-ayuda-para-localizar-a-joven-desaparecida-en-villa-aldama","status":"publish","type":"post","link":"https:\/\/encuentroinformativo.com.mx\/?p=34412","title":{"rendered":"Solicitan ayuda para localizar a joven desaparecida en Villa Aldama"},"content":{"rendered":"\n<p><strong>Dar\u00edo Pale<\/strong><\/p>\n\n\n\n<p>Xalapa, Ver.- La se\u00f1ora Esther Morales Hern\u00e1ndez dio a conocer que su amiga Fatima Cristal Gonz\u00e1lez Platas de 14 a\u00f1os de edad est\u00e1 desaparecida desde el pasado viernes 9 de diciembre en Villa Aldama por lo que solicit\u00f3 el apoyo de la ciudadan\u00eda para su localizaci\u00f3n y que la Fiscal\u00eda General del Estado (FGE), intensifique su b\u00fasqueda.<\/p>\n\n\n\n<p>En entrevista dio a conocer que ella es estudiante del tercer a\u00f1o de la Telesecundaria, por lo que supieron que fue a la escuela a una pastorela y de ah\u00ed se fue al parque con unas amigas al parque el cual est\u00e1 a unos 500 metros de su casa y desde ese momento ya no supieron nada de su paradero.<\/p>\n\n\n\n<p>&#8220;Ella tiene 14 a\u00f1os y queremos que la noticia se difunda para encontrarla y ejercer presi\u00f3n. Necesitamos localizar a las personas que se la llevaron, han pasado varios d\u00edas sin saber de ella y se teme que la \u00a0lastimen o que la hayan sacado de la ciudad\u201d, se\u00f1al\u00f3.<\/p>\n\n\n\n<p>Dio a conocer que ya existe una denuncia de hechos ante la FGE y ante la comisi\u00f3n estatal de b\u00fasqueda de personas desaparecidas en Veracruz, adem\u00e1s ya ha solicitado el apoyo de la autoridades de Villa Aldama para su localizaci\u00f3n, pero los trabajos no han sido los esperados a pesar de que existen c\u00e1maras de videovigilancia que muestran que la menor aparentemente era &#8220;perseguida&#8221; el d\u00eda de su desaparici\u00f3n.<\/p>\n\n\n\n<p>Denunci\u00f3 que no se han hecho recorridos, no hay noticias de donde pudiera estar, adem\u00e1s en las c\u00e1maras de video se observa como ella iba apresurada volteando hacia los lados porque al parecer la iban persiguiendo.<\/p>\n\n\n\n<p>La amiga de la familia pidi\u00f3 a la Secretar\u00eda de Seguridad P\u00fablica su intervenci\u00f3n, a trav\u00e9s de la polic\u00eda cibern\u00e9tica para investigar las cuentas de redes sociales de la estudiante y se pueda conocer su paradero, ya que la menor tenia poco de haber llegado a vivir a Villa Aldama, a la casa de su abuela.<\/p>\n\n\n\n<p>Por \u00faltimo de acuerdo a la ficha de desaparici\u00f3n de la Comisi\u00f3n Estatal de B\u00fasqueda F\u00e1tima tiene 14 a\u00f1os, tiene nariz recta y boca mediana con labios mixtos, mide 1.61 metros, color de piel blanca y cabello casta\u00f1o oscuro, lacio y largo.<\/p>\n","protected":false},"excerpt":{"rendered":"<p>Dar\u00edo Pale Xalapa, Ver.- La se\u00f1ora Esther Morales Hern\u00e1ndez dio a conocer que su amiga Fatima Cristal Gonz\u00e1lez Platas de 14 a\u00f1os de edad est\u00e1 desaparecida desde el pasado viernes 9 de diciembre en Villa Aldama por lo que solicit\u00f3 el apoyo de la ciudadan\u00eda para su localizaci\u00f3n y que la Fiscal\u00eda General del Estado [&hellip;]<\/p>\n","protected":false},"author":1,"featured_media":34413,"comment_status":"open","ping_status":"open","sticky":false,"template":"","format":"standard","meta":{"_jetpack_memberships_contains_paid_content":false,"footnotes":""},"categories":[8],"tags":[],"class_list":["post-34412","post","type-post","status-publish","format-standard","has-post-thumbnail","hentry","category-region"],"jetpack_featured_media_url":"https:\/\/encuentroinformativo.com.mx\/wp-content\/uploads\/2022\/12\/2BA68388-E2AA-4664-822D-F83A844DCE82.jpeg","jetpack_sharing_enabled":true,"jetpack_likes_enabled":true,"amp_enabled":true,"_links":{"self":[{"href":"https:\/\/encuentroinformativo.com.mx\/index.php?rest_route=\/wp\/v2\/posts\/34412","targetHints":{"allow":["GET"]}}],"collection":[{"href":"https:\/\/encuentroinformativo.com.mx\/index.php?rest_route=\/wp\/v2\/posts"}],"about":[{"href":"https:\/\/encuentroinformativo.com.mx\/index.php?rest_route=\/wp\/v2\/types\/post"}],"author":[{"embeddable":true,"href":"https:\/\/encuentroinformativo.com.mx\/index.php?rest_route=\/wp\/v2\/users\/1"}],"replies":[{"embeddable":true,"href":"https:\/\/encuentroinformativo.com.mx\/index.php?rest_route=%2Fwp%2Fv2%2Fcomments&post=34412"}],"version-history":[{"count":1,"href":"https:\/\/encuentroinformativo.com.mx\/index.php?rest_route=\/wp\/v2\/posts\/34412\/revisions"}],"predecessor-version":[{"id":34414,"href":"https:\/\/encuentroinformativo.com.mx\/index.php?rest_route=\/wp\/v2\/posts\/34412\/revisions\/34414"}],"wp:featuredmedia":[{"embeddable":true,"href":"https:\/\/encuentroinformativo.com.mx\/index.php?rest_route=\/wp\/v2\/media\/34413"}],"wp:attachment":[{"href":"https:\/\/encuentroinformativo.com.mx\/index.php?rest_route=%2Fwp%2Fv2%2Fmedia&parent=34412"}],"wp:term":[{"taxonomy":"category","embeddable":true,"href":"https:\/\/encuentroinformativo.com.mx\/index.php?rest_route=%2Fwp%2Fv2%2Fcategories&post=34412"},{"taxonomy":"post_tag","embeddable":true,"href":"https:\/\/encuentroinformativo.com.mx\/index.php?rest_route=%2Fwp%2Fv2%2Ftags&post=34412"}],"curies":[{"name":"wp","href":"https:\/\/api.w.org\/{rel}","templated":true}]}}