{"id":34415,"date":"2022-12-13T14:55:51","date_gmt":"2022-12-13T20:55:51","guid":{"rendered":"https:\/\/encuentroinformativo.com.mx\/?p=34415"},"modified":"2022-12-13T14:55:55","modified_gmt":"2022-12-13T20:55:55","slug":"anuncian-nueva-edicion-del-festival-folklorico-internacional","status":"publish","type":"post","link":"https:\/\/encuentroinformativo.com.mx\/?p=34415","title":{"rendered":"Anuncian nueva edici\u00f3n del Festival Folkl\u00f3rico Internacional"},"content":{"rendered":"\n<p>Xalapa, Ver.- Del 16 al 22 de diciembre se desarrollar\u00e1 la octava edici\u00f3n del <strong>Festival Folkl\u00f3rico Internacional de Veracruz <\/strong><em>Inspirarte<\/em>, con la participaci\u00f3n de 250 artistas de Colombia, Costa Rica, Cuba, Hait\u00ed, Paraguay, India y M\u00e9xico, el cual tiene el prop\u00f3sito de difundir y promover la conservaci\u00f3n de las tradiciones y riqueza cultural del pa\u00eds.\u00a0<\/p>\n","protected":false},"excerpt":{"rendered":"<p>Xalapa, Ver.- Del 16 al 22 de diciembre se desarrollar\u00e1 la octava edici\u00f3n del Festival Folkl\u00f3rico Internacional de Veracruz Inspirarte, con la participaci\u00f3n de 250 artistas de Colombia, Costa Rica, Cuba, Hait\u00ed, Paraguay, India y M\u00e9xico, el cual tiene el prop\u00f3sito de difundir y promover la conservaci\u00f3n de las tradiciones y riqueza cultural del pa\u00eds.\u00a0<\/p>\n","protected":false},"author":1,"featured_media":34416,"comment_status":"open","ping_status":"open","sticky":false,"template":"","format":"standard","meta":{"_jetpack_memberships_contains_paid_content":false,"footnotes":""},"categories":[3],"tags":[],"class_list":["post-34415","post","type-post","status-publish","format-standard","has-post-thumbnail","hentry","category-xalapa"],"jetpack_featured_media_url":"https:\/\/encuentroinformativo.com.mx\/wp-content\/uploads\/2022\/12\/7872F32F-BAD0-4CA4-8146-0EDCD6FD1CD6.jpeg","jetpack_sharing_enabled":true,"jetpack_likes_enabled":true,"amp_enabled":true,"_links":{"self":[{"href":"https:\/\/encuentroinformativo.com.mx\/index.php?rest_route=\/wp\/v2\/posts\/34415","targetHints":{"allow":["GET"]}}],"collection":[{"href":"https:\/\/encuentroinformativo.com.mx\/index.php?rest_route=\/wp\/v2\/posts"}],"about":[{"href":"https:\/\/encuentroinformativo.com.mx\/index.php?rest_route=\/wp\/v2\/types\/post"}],"author":[{"embeddable":true,"href":"https:\/\/encuentroinformativo.com.mx\/index.php?rest_route=\/wp\/v2\/users\/1"}],"replies":[{"embeddable":true,"href":"https:\/\/encuentroinformativo.com.mx\/index.php?rest_route=%2Fwp%2Fv2%2Fcomments&post=34415"}],"version-history":[{"count":1,"href":"https:\/\/encuentroinformativo.com.mx\/index.php?rest_route=\/wp\/v2\/posts\/34415\/revisions"}],"predecessor-version":[{"id":34417,"href":"https:\/\/encuentroinformativo.com.mx\/index.php?rest_route=\/wp\/v2\/posts\/34415\/revisions\/34417"}],"wp:featuredmedia":[{"embeddable":true,"href":"https:\/\/encuentroinformativo.com.mx\/index.php?rest_route=\/wp\/v2\/media\/34416"}],"wp:attachment":[{"href":"https:\/\/encuentroinformativo.com.mx\/index.php?rest_route=%2Fwp%2Fv2%2Fmedia&parent=34415"}],"wp:term":[{"taxonomy":"category","embeddable":true,"href":"https:\/\/encuentroinformativo.com.mx\/index.php?rest_route=%2Fwp%2Fv2%2Fcategories&post=34415"},{"taxonomy":"post_tag","embeddable":true,"href":"https:\/\/encuentroinformativo.com.mx\/index.php?rest_route=%2Fwp%2Fv2%2Ftags&post=34415"}],"curies":[{"name":"wp","href":"https:\/\/api.w.org\/{rel}","templated":true}]}}