{"id":34428,"date":"2022-12-13T15:34:23","date_gmt":"2022-12-13T21:34:23","guid":{"rendered":"https:\/\/encuentroinformativo.com.mx\/?p=34428"},"modified":"2022-12-14T09:39:41","modified_gmt":"2022-12-14T15:39:41","slug":"han-desaparecido-mas-de-500-mujeres-en-2022","status":"publish","type":"post","link":"https:\/\/encuentroinformativo.com.mx\/?p=34428","title":{"rendered":"Han desaparecido m\u00e1s de 500 mujeres en 2022"},"content":{"rendered":"\n<p><strong>Juan Arcos<\/strong><\/p>\n\n\n\n<p>Xalapa, Ver.- Hasta el pasado 3 de diciembre se contabilizaron 556 desapariciones de mujeres en el estado de Veracruz, durante este a\u00f1o.<\/p>\n\n\n\n<p>Mar\u00eda de la Cruz Jaimes Garc\u00eda, directora del Colectivo Feminista Cihuatlahtolli, indic\u00f3 que se ha fortalecido la exigencia de una tercera alerta de violencia de g\u00e9nero por desaparici\u00f3n forzada.<\/p>\n\n\n\n<p>Lo anterior, tras los recientes hechos violentos contra las mujeres registrados en la entidad veracruzana.<\/p>\n\n\n\n<p>Repudi\u00f3 y lament\u00f3 el caso de Rosa Isela, la joven embarazada que fue asesinada y le robaron a su beb\u00e9 en el puerto de Veracruz, as\u00ed como tambi\u00e9n, el feminicidio de Yesenia, una ni\u00f1a de 13 a\u00f1os, en el municipio de Coatzacoalcos.<\/p>\n\n\n\n<p>\u201cLas cifras van en aumento, por eso nosotras decimos, es urgente que el estado cumpla con esa responsabilidad de salvaguardar la vida y la seguridad de las mujeres\u201d, enfatiz\u00f3 la activista.<\/p>\n\n\n\n<p>En lo que va del a\u00f1o se registraron 89 feminicidios y 88 asesinatos de mujeres en Veracruz, cifras que resultan alarmantes.<\/p>\n\n\n\n<p>\u201cTenemos 556 mujeres desaparecidas, ante esta realidad no queremos discursos falsos, vac\u00edos, queremos que asuman la responsabilidad y que la vida y seguridad de las mujeres sea prioritaria\u201d, a\u00f1adi\u00f3 Jaimes Garc\u00eda.<\/p>\n\n\n\n<p>Los colectivos feministas consideran que la tercera alerta de violencia de g\u00e9nero para Veracruz est\u00e1 estancada.<\/p>\n\n\n\n<p>Por ello, exigen a la Comisi\u00f3n Nacional para Prevenir y Erradicar la Violencia contra las Mujeres (Conavim) y a la Fiscal\u00eda General del Estado (FGE) que emitan la informaci\u00f3n para que sea declarada la tercera alerta.<\/p>\n","protected":false},"excerpt":{"rendered":"<p>Juan Arcos Xalapa, Ver.- Hasta el pasado 3 de diciembre se contabilizaron 556 desapariciones de mujeres en el estado de Veracruz, durante este a\u00f1o. Mar\u00eda de la Cruz Jaimes Garc\u00eda, directora del Colectivo Feminista Cihuatlahtolli, indic\u00f3 que se ha fortalecido la exigencia de una tercera alerta de violencia de g\u00e9nero por desaparici\u00f3n forzada. Lo anterior, [&hellip;]<\/p>\n","protected":false},"author":1,"featured_media":34429,"comment_status":"open","ping_status":"open","sticky":false,"template":"","format":"standard","meta":{"_jetpack_memberships_contains_paid_content":false,"footnotes":""},"categories":[2],"tags":[],"class_list":["post-34428","post","type-post","status-publish","format-standard","has-post-thumbnail","hentry","category-estado"],"jetpack_featured_media_url":"https:\/\/encuentroinformativo.com.mx\/wp-content\/uploads\/2022\/12\/25A79551-57D1-441A-B2FC-E12EE5F5DA8A.jpeg","jetpack_sharing_enabled":true,"jetpack_likes_enabled":true,"amp_enabled":true,"_links":{"self":[{"href":"https:\/\/encuentroinformativo.com.mx\/index.php?rest_route=\/wp\/v2\/posts\/34428","targetHints":{"allow":["GET"]}}],"collection":[{"href":"https:\/\/encuentroinformativo.com.mx\/index.php?rest_route=\/wp\/v2\/posts"}],"about":[{"href":"https:\/\/encuentroinformativo.com.mx\/index.php?rest_route=\/wp\/v2\/types\/post"}],"author":[{"embeddable":true,"href":"https:\/\/encuentroinformativo.com.mx\/index.php?rest_route=\/wp\/v2\/users\/1"}],"replies":[{"embeddable":true,"href":"https:\/\/encuentroinformativo.com.mx\/index.php?rest_route=%2Fwp%2Fv2%2Fcomments&post=34428"}],"version-history":[{"count":1,"href":"https:\/\/encuentroinformativo.com.mx\/index.php?rest_route=\/wp\/v2\/posts\/34428\/revisions"}],"predecessor-version":[{"id":34430,"href":"https:\/\/encuentroinformativo.com.mx\/index.php?rest_route=\/wp\/v2\/posts\/34428\/revisions\/34430"}],"wp:featuredmedia":[{"embeddable":true,"href":"https:\/\/encuentroinformativo.com.mx\/index.php?rest_route=\/wp\/v2\/media\/34429"}],"wp:attachment":[{"href":"https:\/\/encuentroinformativo.com.mx\/index.php?rest_route=%2Fwp%2Fv2%2Fmedia&parent=34428"}],"wp:term":[{"taxonomy":"category","embeddable":true,"href":"https:\/\/encuentroinformativo.com.mx\/index.php?rest_route=%2Fwp%2Fv2%2Fcategories&post=34428"},{"taxonomy":"post_tag","embeddable":true,"href":"https:\/\/encuentroinformativo.com.mx\/index.php?rest_route=%2Fwp%2Fv2%2Ftags&post=34428"}],"curies":[{"name":"wp","href":"https:\/\/api.w.org\/{rel}","templated":true}]}}