{"id":34447,"date":"2022-12-14T14:11:36","date_gmt":"2022-12-14T20:11:36","guid":{"rendered":"https:\/\/encuentroinformativo.com.mx\/?p=34447"},"modified":"2022-12-14T14:11:40","modified_gmt":"2022-12-14T20:11:40","slug":"por-concluir-canje-de-placas-en-veracruz-sefiplan","status":"publish","type":"post","link":"https:\/\/encuentroinformativo.com.mx\/?p=34447","title":{"rendered":"Por concluir canje de placas en Veracruz: SEFIPLAN"},"content":{"rendered":"\n<p><strong>Dar\u00edo Pale <\/strong><\/p>\n\n\n\n<p>Xalapa, Ver.- La detenci\u00f3n o aplicaci\u00f3n de multas a aquellos que no hicieron el canje de las placas anteriores a la administraci\u00f3n de Miguel \u00c1ngel Yunes Linares, corresponder\u00e1 a la direcci\u00f3n de Tr\u00e1nsito del Estado, as\u00ed lo afirm\u00f3 el secretario de Finanzas y Planeaci\u00f3n, Jos\u00e9 Luis Lima Franco.<\/p>\n\n\n\n<p>Entrevistado en el Congreso del Estado se\u00f1al\u00f3 que legalmente esas placas de 2016 hacia atr\u00e1s no tienen vigencia, por lo que dicha dependencia definir\u00e1 las medidas que va a tomar porque la Sefiplan ya concluye el programa de condonaci\u00f3n de multas y recargos en este mes de diciembre.<\/p>\n\n\n\n<p>El funcionario mencion\u00f3 que el objetivo del programa era tener actualizado el padr\u00f3n vehicular y cumplir con la norma de la Secretar\u00eda de Comunicaciones y Transportes (SCT), en el sentido de que s\u00f3lo puede haber dos tipos de placas en circulaci\u00f3n.<\/p>\n\n\n\n<p>Defini\u00f3 que todav\u00eda hay unos 300 mil veh\u00edculos que no han hecho el canje de esas placas anteriores al 2016 y detall\u00f3 que cerca de un mill\u00f3n de personas s\u00ed lo llevaron a cabo.<\/p>\n\n\n\n<p>En otro orden de ideas coment\u00f3 que a\u00fan no se definen los ajustes al presupuesto de 2023, ya que todav\u00eda no se define a qu\u00e9 dependencias u organismos aut\u00f3nomos se les podr\u00eda incrementar su presupuesto para el pr\u00f3ximo a\u00f1o.<\/p>\n\n\n\n<p>\u201cSeguimos revisando, todav\u00eda no hay ninguna definici\u00f3n de alg\u00fan ajuste en particular, en la semana se va seguir platicando con los diputados&#8221;, se\u00f1al\u00f3.<\/p>\n\n\n\n<p>Finalmente Lima Franco agreg\u00f3 que los diputados deber\u00e1n revisar a qu\u00e9 se le destina m\u00e1s presupuesto, pero es la misma cantidad, ya se analizar\u00e1 a qu\u00e9 se le quita para darle m\u00e1s a otra dependencia u organismos.<\/p>\n","protected":false},"excerpt":{"rendered":"<p>Dar\u00edo Pale Xalapa, Ver.- La detenci\u00f3n o aplicaci\u00f3n de multas a aquellos que no hicieron el canje de las placas anteriores a la administraci\u00f3n de Miguel \u00c1ngel Yunes Linares, corresponder\u00e1 a la direcci\u00f3n de Tr\u00e1nsito del Estado, as\u00ed lo afirm\u00f3 el secretario de Finanzas y Planeaci\u00f3n, Jos\u00e9 Luis Lima Franco. Entrevistado en el Congreso del [&hellip;]<\/p>\n","protected":false},"author":1,"featured_media":34448,"comment_status":"open","ping_status":"open","sticky":false,"template":"","format":"standard","meta":{"_jetpack_memberships_contains_paid_content":false,"footnotes":""},"categories":[2],"tags":[],"class_list":["post-34447","post","type-post","status-publish","format-standard","has-post-thumbnail","hentry","category-estado"],"jetpack_featured_media_url":"https:\/\/encuentroinformativo.com.mx\/wp-content\/uploads\/2022\/12\/DA60795F-0C2D-4E4C-A2D3-1D2392D532C0.jpeg","jetpack_sharing_enabled":true,"jetpack_likes_enabled":true,"amp_enabled":true,"_links":{"self":[{"href":"https:\/\/encuentroinformativo.com.mx\/index.php?rest_route=\/wp\/v2\/posts\/34447","targetHints":{"allow":["GET"]}}],"collection":[{"href":"https:\/\/encuentroinformativo.com.mx\/index.php?rest_route=\/wp\/v2\/posts"}],"about":[{"href":"https:\/\/encuentroinformativo.com.mx\/index.php?rest_route=\/wp\/v2\/types\/post"}],"author":[{"embeddable":true,"href":"https:\/\/encuentroinformativo.com.mx\/index.php?rest_route=\/wp\/v2\/users\/1"}],"replies":[{"embeddable":true,"href":"https:\/\/encuentroinformativo.com.mx\/index.php?rest_route=%2Fwp%2Fv2%2Fcomments&post=34447"}],"version-history":[{"count":1,"href":"https:\/\/encuentroinformativo.com.mx\/index.php?rest_route=\/wp\/v2\/posts\/34447\/revisions"}],"predecessor-version":[{"id":34449,"href":"https:\/\/encuentroinformativo.com.mx\/index.php?rest_route=\/wp\/v2\/posts\/34447\/revisions\/34449"}],"wp:featuredmedia":[{"embeddable":true,"href":"https:\/\/encuentroinformativo.com.mx\/index.php?rest_route=\/wp\/v2\/media\/34448"}],"wp:attachment":[{"href":"https:\/\/encuentroinformativo.com.mx\/index.php?rest_route=%2Fwp%2Fv2%2Fmedia&parent=34447"}],"wp:term":[{"taxonomy":"category","embeddable":true,"href":"https:\/\/encuentroinformativo.com.mx\/index.php?rest_route=%2Fwp%2Fv2%2Fcategories&post=34447"},{"taxonomy":"post_tag","embeddable":true,"href":"https:\/\/encuentroinformativo.com.mx\/index.php?rest_route=%2Fwp%2Fv2%2Ftags&post=34447"}],"curies":[{"name":"wp","href":"https:\/\/api.w.org\/{rel}","templated":true}]}}