{"id":34456,"date":"2022-12-14T14:23:45","date_gmt":"2022-12-14T20:23:45","guid":{"rendered":"https:\/\/encuentroinformativo.com.mx\/?p=34456"},"modified":"2022-12-14T14:23:49","modified_gmt":"2022-12-14T20:23:49","slug":"asesinan-a-pareja-menor-quedo-herido-en-martinez-de-la-torre","status":"publish","type":"post","link":"https:\/\/encuentroinformativo.com.mx\/?p=34456","title":{"rendered":"Asesinan a pareja, menor qued\u00f3 herido en Mart\u00ednez de la Torre"},"content":{"rendered":"\n<p><strong>Alejandro \u00c1vila<\/strong><\/p>\n\n\n\n<p>Mart\u00ednez de la Torre, Ver.- Una pareja muri\u00f3 asesinada y su hijo result\u00f3 herido, tras el ataque armado que sufri\u00f3 una est\u00e9tica en la colonia Luis Donaldo Colosio del municipio de Mart\u00ednez de la Torre.<\/p>\n\n\n\n<p>Fue la noche de este martes cuando sujetos armados arribaron a un comercio de belleza ubicado en el bulevar Patricio Chirinos; los agresores dispararon hacia el local, donde se encontraba un hombre, una mujer y el hijo de ella, de 8 a\u00f1os de edad.&nbsp;<\/p>\n\n\n\n<p>Tras disparar, los agresores huyeron con rumbo desconocido, mientras que la pareja quedaba sin vida, y el menor gravemente lesionado.&nbsp;<\/p>\n\n\n\n<p>Testigos solicitaron auxilio al n\u00famero de emergencias 911, donde se canaliz\u00f3 el apoyo a la Polic\u00eda Municipal y param\u00e9dicos de la Cruz Roja.&nbsp;<\/p>\n\n\n\n<p>Los socorristas confirmaron el deceso de la mujer y el hombre, mientras que el menor fue trasladado al Hospital.<\/p>\n\n\n\n<p>La zona fue acordonada y requerida la presencia del Ministerio P\u00fablico, posteriormente se orden\u00f3 el levantamiento y traslado de los cad\u00e1veres al Servicio M\u00e9dico Forense.<\/p>\n","protected":false},"excerpt":{"rendered":"<p>Alejandro \u00c1vila Mart\u00ednez de la Torre, Ver.- Una pareja muri\u00f3 asesinada y su hijo result\u00f3 herido, tras el ataque armado que sufri\u00f3 una est\u00e9tica en la colonia Luis Donaldo Colosio del municipio de Mart\u00ednez de la Torre. Fue la noche de este martes cuando sujetos armados arribaron a un comercio de belleza ubicado en el [&hellip;]<\/p>\n","protected":false},"author":1,"featured_media":34457,"comment_status":"open","ping_status":"open","sticky":false,"template":"","format":"standard","meta":{"_jetpack_memberships_contains_paid_content":false,"footnotes":""},"categories":[14],"tags":[],"class_list":["post-34456","post","type-post","status-publish","format-standard","has-post-thumbnail","hentry","category-policiaca"],"jetpack_featured_media_url":"https:\/\/encuentroinformativo.com.mx\/wp-content\/uploads\/2022\/12\/B98F4C79-09C7-4E20-BF7B-41DD8C9FD0C3.jpeg","jetpack_sharing_enabled":true,"jetpack_likes_enabled":true,"amp_enabled":true,"_links":{"self":[{"href":"https:\/\/encuentroinformativo.com.mx\/index.php?rest_route=\/wp\/v2\/posts\/34456","targetHints":{"allow":["GET"]}}],"collection":[{"href":"https:\/\/encuentroinformativo.com.mx\/index.php?rest_route=\/wp\/v2\/posts"}],"about":[{"href":"https:\/\/encuentroinformativo.com.mx\/index.php?rest_route=\/wp\/v2\/types\/post"}],"author":[{"embeddable":true,"href":"https:\/\/encuentroinformativo.com.mx\/index.php?rest_route=\/wp\/v2\/users\/1"}],"replies":[{"embeddable":true,"href":"https:\/\/encuentroinformativo.com.mx\/index.php?rest_route=%2Fwp%2Fv2%2Fcomments&post=34456"}],"version-history":[{"count":1,"href":"https:\/\/encuentroinformativo.com.mx\/index.php?rest_route=\/wp\/v2\/posts\/34456\/revisions"}],"predecessor-version":[{"id":34458,"href":"https:\/\/encuentroinformativo.com.mx\/index.php?rest_route=\/wp\/v2\/posts\/34456\/revisions\/34458"}],"wp:featuredmedia":[{"embeddable":true,"href":"https:\/\/encuentroinformativo.com.mx\/index.php?rest_route=\/wp\/v2\/media\/34457"}],"wp:attachment":[{"href":"https:\/\/encuentroinformativo.com.mx\/index.php?rest_route=%2Fwp%2Fv2%2Fmedia&parent=34456"}],"wp:term":[{"taxonomy":"category","embeddable":true,"href":"https:\/\/encuentroinformativo.com.mx\/index.php?rest_route=%2Fwp%2Fv2%2Fcategories&post=34456"},{"taxonomy":"post_tag","embeddable":true,"href":"https:\/\/encuentroinformativo.com.mx\/index.php?rest_route=%2Fwp%2Fv2%2Ftags&post=34456"}],"curies":[{"name":"wp","href":"https:\/\/api.w.org\/{rel}","templated":true}]}}