{"id":34466,"date":"2022-12-14T22:54:01","date_gmt":"2022-12-15T04:54:01","guid":{"rendered":"https:\/\/encuentroinformativo.com.mx\/?p=34466"},"modified":"2022-12-14T22:54:05","modified_gmt":"2022-12-15T04:54:05","slug":"caos-en-plaza-americas-de-boca-del-rio-por-sujeto-armado-en-cine","status":"publish","type":"post","link":"https:\/\/encuentroinformativo.com.mx\/?p=34466","title":{"rendered":"Caos en Plaza Am\u00e9ricas de Boca del R\u00edo por sujeto armado en cine"},"content":{"rendered":"\n<p><strong>Alejandro \u00c1vila<\/strong><\/p>\n\n\n\n<p>Boca del R\u00edo, Ver.- Momentos de tensi\u00f3n y p\u00e1nico vivieron decenas de personas que se encontraban al interior del centro comercial Las Am\u00e9ricas ubicado en el municipio de Boca del R\u00edo.<\/p>\n\n\n\n<p>Una estampida proveniente de las salas de cine alert\u00f3 al resto de los visitantes al mencionado centro comercial; pues entre su estr\u00e9s, gritaban qu\u00e9 hab\u00eda disparos al interior de las salas del Cin\u00e9polis.<\/p>\n\n\n\n<p>Personal de la empresa de cines realiz\u00f3 el llamado de auxilio al n\u00famero 911, activ\u00e1ndose un fuerte operativo alrededor del centro comercial.<\/p>\n\n\n\n<p>Elementos de la Polic\u00eda Naval, Fuerza Civil y Secretar\u00eda de Seguridad P\u00fablica arribaron al sitio y detuvieron a un sujeto presuntamente responsable de detonar un arma de fuego; aunque esto no ha sido confirmado por ninguna autoridad, ya que no se encontraron casquillos en el sitio.<\/p>\n\n\n\n<p>Param\u00e9dicos de Bomberos Conurbados asistieron a brindar apoyo a las personas que salieron con crisis nerviosa, no solo de los cines, sino de comercios aleda\u00f1os, mismos que al escuchar los gritos bajaron sus cortinas y resguardaron a sus compradores.<\/p>\n\n\n\n<p>Por su parte, el alcalde de Boca del R\u00edo Juan Manuel Unanue, confirm\u00f3 a trav\u00e9s de redes sociales que la persona detenida ten\u00eda posesi\u00f3n de un arma falsa.<\/p>\n","protected":false},"excerpt":{"rendered":"<p>Alejandro \u00c1vila Boca del R\u00edo, Ver.- Momentos de tensi\u00f3n y p\u00e1nico vivieron decenas de personas que se encontraban al interior del centro comercial Las Am\u00e9ricas ubicado en el municipio de Boca del R\u00edo. Una estampida proveniente de las salas de cine alert\u00f3 al resto de los visitantes al mencionado centro comercial; pues entre su estr\u00e9s, [&hellip;]<\/p>\n","protected":false},"author":1,"featured_media":34467,"comment_status":"open","ping_status":"open","sticky":false,"template":"","format":"standard","meta":{"_jetpack_memberships_contains_paid_content":false,"footnotes":""},"categories":[2],"tags":[],"class_list":["post-34466","post","type-post","status-publish","format-standard","has-post-thumbnail","hentry","category-estado"],"jetpack_featured_media_url":"https:\/\/encuentroinformativo.com.mx\/wp-content\/uploads\/2022\/12\/4BAC8591-9EF8-4864-AB38-EE6629179410.jpeg","jetpack_sharing_enabled":true,"jetpack_likes_enabled":true,"amp_enabled":true,"_links":{"self":[{"href":"https:\/\/encuentroinformativo.com.mx\/index.php?rest_route=\/wp\/v2\/posts\/34466","targetHints":{"allow":["GET"]}}],"collection":[{"href":"https:\/\/encuentroinformativo.com.mx\/index.php?rest_route=\/wp\/v2\/posts"}],"about":[{"href":"https:\/\/encuentroinformativo.com.mx\/index.php?rest_route=\/wp\/v2\/types\/post"}],"author":[{"embeddable":true,"href":"https:\/\/encuentroinformativo.com.mx\/index.php?rest_route=\/wp\/v2\/users\/1"}],"replies":[{"embeddable":true,"href":"https:\/\/encuentroinformativo.com.mx\/index.php?rest_route=%2Fwp%2Fv2%2Fcomments&post=34466"}],"version-history":[{"count":1,"href":"https:\/\/encuentroinformativo.com.mx\/index.php?rest_route=\/wp\/v2\/posts\/34466\/revisions"}],"predecessor-version":[{"id":34468,"href":"https:\/\/encuentroinformativo.com.mx\/index.php?rest_route=\/wp\/v2\/posts\/34466\/revisions\/34468"}],"wp:featuredmedia":[{"embeddable":true,"href":"https:\/\/encuentroinformativo.com.mx\/index.php?rest_route=\/wp\/v2\/media\/34467"}],"wp:attachment":[{"href":"https:\/\/encuentroinformativo.com.mx\/index.php?rest_route=%2Fwp%2Fv2%2Fmedia&parent=34466"}],"wp:term":[{"taxonomy":"category","embeddable":true,"href":"https:\/\/encuentroinformativo.com.mx\/index.php?rest_route=%2Fwp%2Fv2%2Fcategories&post=34466"},{"taxonomy":"post_tag","embeddable":true,"href":"https:\/\/encuentroinformativo.com.mx\/index.php?rest_route=%2Fwp%2Fv2%2Ftags&post=34466"}],"curies":[{"name":"wp","href":"https:\/\/api.w.org\/{rel}","templated":true}]}}