{"id":34472,"date":"2022-12-15T09:47:15","date_gmt":"2022-12-15T15:47:15","guid":{"rendered":"https:\/\/encuentroinformativo.com.mx\/?p=34472"},"modified":"2022-12-15T09:47:18","modified_gmt":"2022-12-15T15:47:18","slug":"los-yunes-extienden-la-patita","status":"publish","type":"post","link":"https:\/\/encuentroinformativo.com.mx\/?p=34472","title":{"rendered":"LOS YUNES EXTIENDEN LA PATITA"},"content":{"rendered":"\n<p><strong>ColumnaSinNombre<br>@pablojair<\/strong><\/p>\n\n\n\n<ul class=\"wp-block-list\"><li>Deber\u00edan llamar a jefes de Unidades Administrativas: Marlon.<\/li><li>El sello de Cuitl\u00e1huac: la educaci\u00f3n y recuperaci\u00f3n de espacios.<\/li><li>Pemex y sus flatulencias incontrolables.<\/li><\/ul>\n\n\n\n<p>Desde este espacio, fuerte abrazo navide\u00f1o y de Fin de A\u00f1o.<br>P\u00e1senla muy chido. Nos vemos en 2023.<br>&#8211;Chopenjawer<\/p>\n\n\n\n<p>Fue muy interesante lo que se vio en el Congreso del Estado, pues a cuatro a\u00f1os de que Cuitl\u00e1huac Garc\u00eda Jim\u00e9nez fuese ungido gobernador, el mandatario estatal mostr\u00f3 una postura muy madura, menos nervios y aprovechando la ventaja de local en el pleno de la Legislatura.<\/p>\n\n\n\n<p>Por su parte, al mandatario estatal la oposici\u00f3n le mostr\u00f3 m\u00e1s respeto de lo que quiz\u00e1s los m\u00e1s recalcitrantes facciones de anti4T no quisieran que se le mostrara.<\/p>\n\n\n\n<p>Y como siempre, la \u00fanica v\u00e1lvula de escape para las frustraciones de estos grupos, pues fueron las redes sociales, donde creen que se mide la realidad pol\u00edtica.<\/p>\n\n\n\n<p>Dentro de las cosas por destacar en el mensaje dado por el gobernador fueron los primeros p\u00e1rrafos de su discurso, donde contest\u00f3 a sus adversarios pol\u00edticos algo que estuvieron vociferando\/pidiendo en los recientes d\u00edas: que no volviera a mencionar el pasado como causa de los problemas de Veracruz.<\/p>\n\n\n\n<p>El fondo es que en realidad estaban pidiendo que ya le dejen de estar recordando a los votantes (cercano el 2024) que la causa de la crisis financiera y pol\u00edtica en Veracruz pues fue derivada de los malos gobiernos pri\u00edstas y panistas que antecedieron al de Cuitl\u00e1huac \u2014y tambi\u00e9n de los presidentes Fox, Calder\u00f3n y Pe\u00f1a Nieto\u2014 cuando se agudiz\u00f3 la violencia, las finanzas se fueron al carajo y no hubo ni siquiera intento para recomponer la situaci\u00f3n.<\/p>\n\n\n\n<p>Cuitl\u00e1huac no s\u00f3lo se las revir\u00f3 a los opositores, sino que volvi\u00f3 a recordarles que si Veracruz tiene los problemas que tiene, es precisamente por toda la herencia maldita que le dejaron al actual gobierno, que ha estado sacando las deudas pendientes (algo que no hizo, por ejemplo, su antecesor Miguel \u00c1ngel Yunes Linares, seguramente bajo la premisa de la vieja clase pol\u00edtica que dicta \u201cno es m\u00eda y no tengo porqu\u00e9 pagarla\u201d).<\/p>\n\n\n\n<p>Y lo dijo de manera contundente el gobernador: \u201cDe antemano les digo, no se puede borrar la historia, el pasado explica en mucho el presente y solo quienes quisieran regresar a ese ominoso pasado, piden que lo olvidemos\u2026 \u00bfC\u00f3mo olvidar que nos endeudaron por m\u00e1s de 30 a\u00f1os con 44,355 millones de pesos ante los bancos, si en el presente, mes con mes, hay que pagar intereses que suman m\u00e1s de 4 mil millones de pesos al a\u00f1o?\u201d.<\/p>\n\n\n\n<p>Por sentido com\u00fan, nadie en su sano juicio aceptar\u00eda as\u00ed como si nada una administraci\u00f3n, un gobierno en bancarrota, sin decir cu\u00e1les fueron las causas de esa crisis, y m\u00e1s cuando uno de los responsables est\u00e1 en la c\u00e1rcel y podr\u00eda haber m\u00e1s detenciones en el futuro.<\/p>\n\n\n\n<p>Ser\u00eda muy de est\u00fapidos decir: \u201c\u00a1Ay mira, me dejaron tremenda deuda, pero no la voy a hacer de tos! \u00a1Vamos a echarle para adelante! \u00a1Borr\u00f3n y cuenta nueva como si nada hubiese pasado!\u201d\u2026 Nadie lo har\u00eda, porque ser\u00eda suicidio pol\u00edtico y el \u00faltimo que ignor\u00f3 esa situaci\u00f3n, acab\u00f3 tuiteando desde el Reclusorio Norte.<\/p>\n\n\n\n<p>Por el contrario, si de algo sirve para los intereses del actual gobierno seguir embarr\u00e1ndoles culpabilidad \u2014aunque sea moral\u2014 a los que piden que no se hable del pasado, se las seguir\u00e1n restregando.<\/p>\n\n\n\n<p>\u201c\u00bfC\u00f3mo creen que vamos a olvidar tanta transa?\u201d, remat\u00f3 Cuitl\u00e1huac.<\/p>\n\n\n\n<p>Garc\u00eda Jim\u00e9nez abund\u00f3 al respecto en otra de sus intervenciones: \u201cLa reactivaci\u00f3n econ\u00f3mica, entiendo yo que es a trav\u00e9s de obra p\u00fablica, de atraer inversiones, y se lograr\u00eda con eso 4 mil millones de pesos que hoy pagamos, a\u00f1o con a\u00f1o, en deuda y solamente hablo de la deuda bancaria; o sea, ante los bancos: 45 mil millones de pesos nos dejaron en deuda bancaria, m\u00e1s\/menos cada a\u00f1o va subiendo dependiendo del pr\u00e9stamo que pedimos cada fin de a\u00f1o para saldar el d\u00e9ficit que tambi\u00e9n es un d\u00e9ficit estructural, pero que nos dejaron ustedes, los gobiernos anteriores; de 6 mil millones de pesos: ese es el d\u00e9ficit que nos dejaron\u2026 \u00bfC\u00f3mo creen que no se los vamos a recordar?\u201d.<\/p>\n\n\n\n<p>Y explic\u00f3: \u201cEso es producto de su mala, p\u00e9sima administraci\u00f3n, pero tambi\u00e9n existe tan s\u00f3lo en ese punto otra visi\u00f3n diferente, porque ese d\u00e9ficit es el salario magisterial. Que lo sepa la sociedad, el problema es que no incorporaron al presupuesto con un ingreso suficiente el salario del magisterio que a\u00f1o con a\u00f1o crece, a\u00f1o con a\u00f1o y nosotros no vamos a dejar de pagar a los maestros y maestras de Veracruz\u201d.<\/p>\n\n\n\n<p>Quiz\u00e1s por eso la intervenci\u00f3n del diputado panista Miguel Hermida Copado \u2014mensajero de la tribu del exgobernador Yunes Linares\u2014 fue en el sentido de extender la mano, pedir un acuerdo entre las fuerzas pol\u00edticas, a unos d\u00edas despu\u00e9s de que el patriarca aterriz\u00f3 en tierras jarochas y se le vio tranquilamente festejar su cumplea\u00f1os.<\/p>\n\n\n\n<p>\u201cSe\u00f1or gobernador, los veracruzanos demandan a sus pol\u00edticos acuerdos que planteen soluciones a la realidad social y econ\u00f3mica que se est\u00e1n enfrentando. Debemos integrar a todos, fuerzas pol\u00edticas, sociedad civil e iniciativa privada. Dejemos de lado las pugnas pol\u00edticas y construyamos junto a los veracruzanos, hombro con hombre, sociedad y gobierno (\u2026) Lo invito a construir juntos con seriedad y trabajo un futuro un futuro luminoso para Veracruz; sum\u00e9monos todos en un gran acuerdo pol\u00edtico por el bienestar social, el crecimiento econ\u00f3mico y la gobernabilidad de Veracruz\u201d, expres\u00f3 el legislador yunista.<\/p>\n\n\n\n<p>Pero la respuesta del mandatario al diputado fue demoledora: \u201cLa unidad que usted plantea, nosotros la tenemos con el pueblo de Veracruz, no con las c\u00fapulas partidistas\u201d.<\/p>\n\n\n\n<p>Y as\u00ed se quedaron con la patita extendida los Yunes.<\/p>\n\n\n\n<p>Y es que todos conocen c\u00f3mo hacen \u201cacuerdos\u201d los de esa raza canina. Ya son pocos los que caen en esa vieja trampa; y hasta los de su mismo partido se la saben.<\/p>\n\n\n\n<p><strong>NOTA PARA PEGAR EN EL REFRI:<\/strong> En los gobiernos anteriores, muchos de los que ten\u00edan qu\u00e9 ver con desv\u00edos de recursos o pagos irregulares, por ejemplo, a empresas fantasma, eran los jefes de las Unidades Administrativas de las dependencias. Ah\u00ed est\u00e1 el caso reciente de la Secretar\u00eda de Salud, pues mientras el titular sacaba la chamba, el de Administraci\u00f3n andaba haciendo jugosos negocios al amparo del poder\u2026 Si bien la Cuarta Transformeishion dice que se est\u00e1 combatiendo la corrupci\u00f3n, es innegable que es dif\u00edcil erradicar la cultura de la ambici\u00f3n por el dinero f\u00e1cil cuando la gente llega a un gobierno y ve la lanota que se mueve, por eso no estar\u00eda mal que se tomara en cuenta la propuesta del diputado pri\u00edsta Marlon Ram\u00edrez Mar\u00edn, en el sentido de que los jefes de las unidades administrativas de las secretar\u00edas del Gobierno del Estado, son quienes deber\u00edan comparecer el pr\u00f3ximo a\u00f1o ante las diputadas y diputados de la Legislatura, porque los titulares desconocen muchos de los temas que se les cuestionan: &#8220;Sus colaboradores, me queda claro que lo hacen con la mejor de las intenciones, pero claramente en muchos de los casos y en muchas preguntas que les hicimos a muchos, les tom\u00f3 por sorpresa la expresi\u00f3n y los datos que les presentamos&#8221;, dijo el diputado priista al Ejecutivo estatal, durante su intervenci\u00f3n.<\/p>\n\n\n\n<p><strong>OTRA NOTA: <\/strong>Destac\u00f3 mucho tambi\u00e9n \u2014hay que decirlo\u2014 que en la comparecencia del gobernador Cuitl\u00e1huac Garc\u00eda Jim\u00e9nez se volvi\u00f3 a recordar cu\u00e1l ha sido el sello de su administraci\u00f3n y el que finalmente ser\u00e1 su legado (como tambi\u00e9n el haber tomado el toro por los cuernos en la crisis financiera): la rehabilitaci\u00f3n de muchos espacios educativos y de salud que quedaron en obra negra y hoy son escuelas, universidades, hospitales o centros de salud\u2026 En el caso de la educaci\u00f3n, es necesario porque es un eje, un pilar para la Cuarta Transformeishion cambiar (o tratar al menos) de formar otra mentalidad en los mexicanos, y en mucho tiene qu\u00e9 ver la formaci\u00f3n en las aulas aunque suene como plan a largo plazo\u2026 En el caso de salud, pues la verdad que era bastante triste que centros de salud u hospitales como el de Perote o el Psiqui\u00e1trico de Orizaba estuviesen abandonados, en puros cimientos, pudri\u00e9ndose la obra sin que nadie se acordara de esos proyectos\u2026 A muchos les aterra que se les recuerde, pero eso fue todo lo que dejaron en el pasado.<\/p>\n\n\n\n<p><strong>LA \u00daLTIMA PORQUE HACEMOS MALETAS PARA EL CARIBE Y EUROPA, GRACIAS AL VIDEO QUE ME HIZO FAMOSO\u2026 \u00a1LOS AMO, HATERS!: <\/strong>Primero fue la fuga de gas etano en el municipio de Agua Dulce, producto de un huachicoleo, que dur\u00f3 toda una semana sin control y que finalmente termin\u00f3 en una fuerte explosi\u00f3n donde hubo al menos una decena de lesionados, luego de que la paraestatal inform\u00f3 que se estaba realizando una \u201cquema controlada\u201d de producto\u2026 Ahora el rollo est\u00e1 en Oaxaca, en Mat\u00edas Romero, donde tienen ya d\u00edas con una fuga de amoniaco que tampoco han podido controlar. De acuerdo al diario Reforma: \u201cEl siniestro comenz\u00f3 el pasado s\u00e1bado 10 de diciembre, durante la madrugada en el tramo Medias Aguas-Donaj\u00ed, d\u00f3nde del ducto de 10 pulgadas comenz\u00f3 a salir el componente t\u00f3xico, especific\u00f3 Petr\u00f3leos Mexicanos\u201d\u2026 No obstante \u2014prosigue el rotativo\u2014 esta madrugada pidieron ser evacuadas 20 personas de las comunidades de Jos\u00e9 Mar\u00eda Morelos y Pav\u00f3n y El Triunfo, del Municipio de San Juan Guichicovi, ante otra presunta fuga en esta zona, ubicada a 8 kil\u00f3metros de Donaj\u00ed.<\/p>\n","protected":false},"excerpt":{"rendered":"<p>ColumnaSinNombre@pablojair Deber\u00edan llamar a jefes de Unidades Administrativas: Marlon. El sello de Cuitl\u00e1huac: la educaci\u00f3n y recuperaci\u00f3n de espacios. Pemex y sus flatulencias incontrolables. Desde este espacio, fuerte abrazo navide\u00f1o y de Fin de A\u00f1o.P\u00e1senla muy chido. Nos vemos en 2023.&#8211;Chopenjawer Fue muy interesante lo que se vio en el Congreso del Estado, pues a [&hellip;]<\/p>\n","protected":false},"author":1,"featured_media":488,"comment_status":"open","ping_status":"open","sticky":false,"template":"","format":"standard","meta":{"_jetpack_memberships_contains_paid_content":false,"footnotes":""},"categories":[11],"tags":[],"class_list":["post-34472","post","type-post","status-publish","format-standard","has-post-thumbnail","hentry","category-opinion"],"jetpack_featured_media_url":"https:\/\/encuentroinformativo.com.mx\/wp-content\/uploads\/2020\/03\/F471F608-BA1A-416B-BA7B-BCFB24F4E6D0.jpeg","jetpack_sharing_enabled":true,"jetpack_likes_enabled":true,"amp_enabled":true,"_links":{"self":[{"href":"https:\/\/encuentroinformativo.com.mx\/index.php?rest_route=\/wp\/v2\/posts\/34472","targetHints":{"allow":["GET"]}}],"collection":[{"href":"https:\/\/encuentroinformativo.com.mx\/index.php?rest_route=\/wp\/v2\/posts"}],"about":[{"href":"https:\/\/encuentroinformativo.com.mx\/index.php?rest_route=\/wp\/v2\/types\/post"}],"author":[{"embeddable":true,"href":"https:\/\/encuentroinformativo.com.mx\/index.php?rest_route=\/wp\/v2\/users\/1"}],"replies":[{"embeddable":true,"href":"https:\/\/encuentroinformativo.com.mx\/index.php?rest_route=%2Fwp%2Fv2%2Fcomments&post=34472"}],"version-history":[{"count":1,"href":"https:\/\/encuentroinformativo.com.mx\/index.php?rest_route=\/wp\/v2\/posts\/34472\/revisions"}],"predecessor-version":[{"id":34473,"href":"https:\/\/encuentroinformativo.com.mx\/index.php?rest_route=\/wp\/v2\/posts\/34472\/revisions\/34473"}],"wp:featuredmedia":[{"embeddable":true,"href":"https:\/\/encuentroinformativo.com.mx\/index.php?rest_route=\/wp\/v2\/media\/488"}],"wp:attachment":[{"href":"https:\/\/encuentroinformativo.com.mx\/index.php?rest_route=%2Fwp%2Fv2%2Fmedia&parent=34472"}],"wp:term":[{"taxonomy":"category","embeddable":true,"href":"https:\/\/encuentroinformativo.com.mx\/index.php?rest_route=%2Fwp%2Fv2%2Fcategories&post=34472"},{"taxonomy":"post_tag","embeddable":true,"href":"https:\/\/encuentroinformativo.com.mx\/index.php?rest_route=%2Fwp%2Fv2%2Ftags&post=34472"}],"curies":[{"name":"wp","href":"https:\/\/api.w.org\/{rel}","templated":true}]}}