{"id":34474,"date":"2022-12-15T09:51:59","date_gmt":"2022-12-15T15:51:59","guid":{"rendered":"https:\/\/encuentroinformativo.com.mx\/?p=34474"},"modified":"2022-12-15T09:52:03","modified_gmt":"2022-12-15T15:52:03","slug":"periodistas-de-amecope-veracruz-podran-tener-seguro-social-via-imss","status":"publish","type":"post","link":"https:\/\/encuentroinformativo.com.mx\/?p=34474","title":{"rendered":"Periodistas de AMECOPE Veracruz podr\u00e1n tener seguro social v\u00eda IMSS"},"content":{"rendered":"\n<p><strong>Alejandro \u00c1vila<\/strong><\/p>\n\n\n\n<p>Veracruz, Ver.- Los agremiados a la Asociaci\u00f3n Mexicana de Comunicadores y Periodistas (AMECOPE) delegaci\u00f3n Veracruz podr\u00edan obtener seguridad social y AFORE a trav\u00e9s del Instituto Mexicano de Seguro Social (IMSS).<\/p>\n\n\n\n<p>Este miercoles por la tarde se sostuvo una reuni\u00f3n informativa con Rodolfo Pedro Bustos Wisther, Jefe del Departamento de Afiliaci\u00f3n Vigencia, y Jos\u00e9 Luis Escalante Vargas, promotor de Firma Digital; los cuales dieron los pormenores y despejaron dudas de los agremiados de AMECOPE Veracruz, para que pudieran entrar a un r\u00e9gimen de seguridad social personal y familiar, adem\u00e1s de cotizaci\u00f3n para el retiro.<\/p>\n\n\n\n<p>Est\u00e1 es tan solo una de las primeras acciones que se promueve en AMECOPE Veracruz; misma que tiene en puerta reuniones con el Sistema de Administraci\u00f3n Tributaria (SAT) y mandos de la Polic\u00eda Naval y Secretar\u00eda de Seguridad P\u00fablica (SSP); con estos \u00faltimos se pretende fortalecer la coordinaci\u00f3n para la cobertura de eventos de riesgo.<\/p>\n\n\n\n<p>La AMECOPE Veracruz, organismo de reciente creaci\u00f3n, tiene como delegada a la periodista, Patricia Aguilar Pardo; misma que se encuentra realizando gestiones a nivel local y nacional para la profesionalizaci\u00f3n del gremio period\u00edstico en la zona conurbada Veracruz &#8211; Boca del R\u00edo.<\/p>\n","protected":false},"excerpt":{"rendered":"<p>Alejandro \u00c1vila Veracruz, Ver.- Los agremiados a la Asociaci\u00f3n Mexicana de Comunicadores y Periodistas (AMECOPE) delegaci\u00f3n Veracruz podr\u00edan obtener seguridad social y AFORE a trav\u00e9s del Instituto Mexicano de Seguro Social (IMSS). Este miercoles por la tarde se sostuvo una reuni\u00f3n informativa con Rodolfo Pedro Bustos Wisther, Jefe del Departamento de Afiliaci\u00f3n Vigencia, y Jos\u00e9 [&hellip;]<\/p>\n","protected":false},"author":1,"featured_media":34475,"comment_status":"open","ping_status":"open","sticky":false,"template":"","format":"standard","meta":{"_jetpack_memberships_contains_paid_content":false,"footnotes":""},"categories":[2],"tags":[],"class_list":["post-34474","post","type-post","status-publish","format-standard","has-post-thumbnail","hentry","category-estado"],"jetpack_featured_media_url":"https:\/\/encuentroinformativo.com.mx\/wp-content\/uploads\/2022\/12\/88F4DDF5-E10C-40EC-8654-CA308CB6863A.jpeg","jetpack_sharing_enabled":true,"jetpack_likes_enabled":true,"amp_enabled":true,"_links":{"self":[{"href":"https:\/\/encuentroinformativo.com.mx\/index.php?rest_route=\/wp\/v2\/posts\/34474","targetHints":{"allow":["GET"]}}],"collection":[{"href":"https:\/\/encuentroinformativo.com.mx\/index.php?rest_route=\/wp\/v2\/posts"}],"about":[{"href":"https:\/\/encuentroinformativo.com.mx\/index.php?rest_route=\/wp\/v2\/types\/post"}],"author":[{"embeddable":true,"href":"https:\/\/encuentroinformativo.com.mx\/index.php?rest_route=\/wp\/v2\/users\/1"}],"replies":[{"embeddable":true,"href":"https:\/\/encuentroinformativo.com.mx\/index.php?rest_route=%2Fwp%2Fv2%2Fcomments&post=34474"}],"version-history":[{"count":1,"href":"https:\/\/encuentroinformativo.com.mx\/index.php?rest_route=\/wp\/v2\/posts\/34474\/revisions"}],"predecessor-version":[{"id":34476,"href":"https:\/\/encuentroinformativo.com.mx\/index.php?rest_route=\/wp\/v2\/posts\/34474\/revisions\/34476"}],"wp:featuredmedia":[{"embeddable":true,"href":"https:\/\/encuentroinformativo.com.mx\/index.php?rest_route=\/wp\/v2\/media\/34475"}],"wp:attachment":[{"href":"https:\/\/encuentroinformativo.com.mx\/index.php?rest_route=%2Fwp%2Fv2%2Fmedia&parent=34474"}],"wp:term":[{"taxonomy":"category","embeddable":true,"href":"https:\/\/encuentroinformativo.com.mx\/index.php?rest_route=%2Fwp%2Fv2%2Fcategories&post=34474"},{"taxonomy":"post_tag","embeddable":true,"href":"https:\/\/encuentroinformativo.com.mx\/index.php?rest_route=%2Fwp%2Fv2%2Ftags&post=34474"}],"curies":[{"name":"wp","href":"https:\/\/api.w.org\/{rel}","templated":true}]}}