{"id":34495,"date":"2022-12-15T16:01:48","date_gmt":"2022-12-15T22:01:48","guid":{"rendered":"https:\/\/encuentroinformativo.com.mx\/?p=34495"},"modified":"2022-12-15T16:01:51","modified_gmt":"2022-12-15T22:01:51","slug":"responsable-de-accidente-se-niega-a-cubrir-gastos-medicos","status":"publish","type":"post","link":"https:\/\/encuentroinformativo.com.mx\/?p=34495","title":{"rendered":"Responsable de accidente se niega a cubrir gastos m\u00e9dicos"},"content":{"rendered":"\n<p><strong>Juan Arcos <\/strong><\/p>\n\n\n\n<p>Xalapa, Ver.- Adri\u00e1n Lino Anastacio result\u00f3 con lesiones graves tras un accidente vial y el responsable se niega a cubrir los gastos m\u00e9dicos por las m\u00faltiples fracturas.<\/p>\n\n\n\n<p>El ciudadano record\u00f3 que los hechos ocurrieron el pasado domingo 11 de diciembre, a las 20:30 horas, sobre la avenida 20 de Noviembre, en esta ciudad de Xalapa.<\/p>\n\n\n\n<p>\u00c9l circulaba en su motocicleta y fue impactado por un veh\u00edculo en el cruce del sem\u00e1foro de la calle Revoluci\u00f3n, cuando circulaba con direcci\u00f3n hacia la avenida Xalapa.<\/p>\n\n\n\n<p>Enfatiz\u00f3 que el conductor que lo arroll\u00f3 es un presunto empleado de la Secretar\u00eda de Salud de Veracruz (SS), quien posiblemente conduc\u00eda en estado de ebriedad.<\/p>\n\n\n\n<p>\u201cUn autom\u00f3vil de color plata me impacta\u00a0de forma lateral a gran velocidad cuando el sem\u00e1foro estaba de mi preferencia en color verde, el cual dio una vuelta hacia la izquierda, que es prohibida\u201d, relat\u00f3.<\/p>\n\n\n\n<p>El lesionado repudi\u00f3 que hasta el momento ninguna persona haya sido detenida por la polic\u00eda, para exigirle que se haga responsable de lo que ocasion\u00f3.<\/p>\n\n\n\n<p>\u201cLos sujetos iban en estado de ebriedad, ya estando bajo el veh\u00edculo en la parte de la fascia el sujeto volvi\u00f3 acelerar, pas\u00e1ndome las ruedas encima, lo cual me caus\u00f3 lesiones en t\u00f3rax, en regi\u00f3n lumbar de la\u00a0columna, rostro, ojos, tobillo, en ambos brazos, ambas rodillas, teniendo siete fracturas en diferentes huesos: h\u00famero, codo, costillas y clav\u00edcula\u201d, a\u00f1adi\u00f3.<\/p>\n\n\n\n<p>El afectado pidi\u00f3 al gobernador Cuitl\u00e1huac Garc\u00eda Jim\u00e9nez que intervenga para que este caso no quede impune.<\/p>\n\n\n\n<p>\u201cSolicito el apoyo de la ciudadan\u00eda que haya sido testigo de dicho accidente, para mi caso no quede impune y tambi\u00e9n un llamado al gobernador Cuitl\u00e1huac Garc\u00eda Jim\u00e9nez y a todas las autoridades correspondientes para poder agilizar mi caso\u201d, finaliz\u00f3.<\/p>\n","protected":false},"excerpt":{"rendered":"<p>Juan Arcos Xalapa, Ver.- Adri\u00e1n Lino Anastacio result\u00f3 con lesiones graves tras un accidente vial y el responsable se niega a cubrir los gastos m\u00e9dicos por las m\u00faltiples fracturas. El ciudadano record\u00f3 que los hechos ocurrieron el pasado domingo 11 de diciembre, a las 20:30 horas, sobre la avenida 20 de Noviembre, en esta ciudad [&hellip;]<\/p>\n","protected":false},"author":1,"featured_media":34496,"comment_status":"open","ping_status":"open","sticky":false,"template":"","format":"standard","meta":{"_jetpack_memberships_contains_paid_content":false,"footnotes":""},"categories":[9],"tags":[],"class_list":["post-34495","post","type-post","status-publish","format-standard","has-post-thumbnail","hentry","category-salud"],"jetpack_featured_media_url":"https:\/\/encuentroinformativo.com.mx\/wp-content\/uploads\/2022\/12\/9D49BB84-22EA-44DD-9D03-1FDD7F373EE4.jpeg","jetpack_sharing_enabled":true,"jetpack_likes_enabled":true,"amp_enabled":true,"_links":{"self":[{"href":"https:\/\/encuentroinformativo.com.mx\/index.php?rest_route=\/wp\/v2\/posts\/34495","targetHints":{"allow":["GET"]}}],"collection":[{"href":"https:\/\/encuentroinformativo.com.mx\/index.php?rest_route=\/wp\/v2\/posts"}],"about":[{"href":"https:\/\/encuentroinformativo.com.mx\/index.php?rest_route=\/wp\/v2\/types\/post"}],"author":[{"embeddable":true,"href":"https:\/\/encuentroinformativo.com.mx\/index.php?rest_route=\/wp\/v2\/users\/1"}],"replies":[{"embeddable":true,"href":"https:\/\/encuentroinformativo.com.mx\/index.php?rest_route=%2Fwp%2Fv2%2Fcomments&post=34495"}],"version-history":[{"count":1,"href":"https:\/\/encuentroinformativo.com.mx\/index.php?rest_route=\/wp\/v2\/posts\/34495\/revisions"}],"predecessor-version":[{"id":34497,"href":"https:\/\/encuentroinformativo.com.mx\/index.php?rest_route=\/wp\/v2\/posts\/34495\/revisions\/34497"}],"wp:featuredmedia":[{"embeddable":true,"href":"https:\/\/encuentroinformativo.com.mx\/index.php?rest_route=\/wp\/v2\/media\/34496"}],"wp:attachment":[{"href":"https:\/\/encuentroinformativo.com.mx\/index.php?rest_route=%2Fwp%2Fv2%2Fmedia&parent=34495"}],"wp:term":[{"taxonomy":"category","embeddable":true,"href":"https:\/\/encuentroinformativo.com.mx\/index.php?rest_route=%2Fwp%2Fv2%2Fcategories&post=34495"},{"taxonomy":"post_tag","embeddable":true,"href":"https:\/\/encuentroinformativo.com.mx\/index.php?rest_route=%2Fwp%2Fv2%2Ftags&post=34495"}],"curies":[{"name":"wp","href":"https:\/\/api.w.org\/{rel}","templated":true}]}}