{"id":34505,"date":"2022-12-15T16:20:08","date_gmt":"2022-12-15T22:20:08","guid":{"rendered":"https:\/\/encuentroinformativo.com.mx\/?p=34505"},"modified":"2022-12-15T16:20:12","modified_gmt":"2022-12-15T22:20:12","slug":"inaugura-alcalde-jm-unanue-pavimentacion-de-la-calle-barranca-del-muerto","status":"publish","type":"post","link":"https:\/\/encuentroinformativo.com.mx\/?p=34505","title":{"rendered":"Inaugura Alcalde JM Un\u00e1nue pavimentaci\u00f3n de la calle Barranca del Muerto"},"content":{"rendered":"\n<p><strong><em>*En la Ampliaci\u00f3n Villa Rica<\/em><\/strong>.<\/p>\n\n\n\n<p>Boca del R\u00edo, Ver.- <em>Complementando la pavimentaci\u00f3n, se realizaron banquetas y guarniciones, mejorando de esta forma el tr\u00e1nsito vehicular y contribuyendo a un entorno m\u00e1s amigable<\/em><\/p>\n\n\n\n<p>Estamos mejorando y rehabilitando la imagen urbana de Boca del R\u00edo, con trabajo y permanencia, para que cualquier persona pueda disfrutar de calles, avenidas y caminos en perfecto estado, destac\u00f3 el Alcalde Juan Manuel Un\u00e1nue Abascal.<\/p>\n\n\n\n<p>La rehabilitaci\u00f3n con pavimentaci\u00f3n asf\u00e1ltica se realiz\u00f3 en una extensi\u00f3n de 3 mil 363 m2 de la calle Barranca del Muerto entre la Calle 4 y Circunvalaci\u00f3n de la colonia Ampliaci\u00f3n Villa Rica, donde el Presidente Municipal cort\u00f3 el list\u00f3n inaugural de la magna obra en beneficio de miles de habitantes de la zona.<\/p>\n\n\n\n<p>\u201cGracias al apoyo de ustedes, nosotros estamos aqu\u00ed y lo que tenemos que hacer, es seguir cumpli\u00e9ndoles, estamos realizando diversas acciones en la colonia Ampliaci\u00f3n Villa Rica y el pr\u00f3ximo a\u00f1o tambi\u00e9n estar\u00e1 incluida en el Plan General de Inversi\u00f3n para realizar m\u00e1s acciones en beneficio de los que aqu\u00ed viven\u201d.<\/p>\n\n\n\n<p>Dijo que, en este primer a\u00f1o de gesti\u00f3n de su gobierno, no se ha dejado a ninguna colonia o fraccionamiento atr\u00e1s, realiz\u00e1ndose obras y diferentes acciones a lo largo y ancho del municipio.<\/p>\n\n\n\n<p>Con esta rehabilitaci\u00f3n de pavimento, tambi\u00e9n se benefician a m\u00e1s de mil personas que transitan diariamente por esta importante calle, que partir de esta fecha, ya observan un cambio significativo.<\/p>\n\n\n\n<p>Entre otras acciones realizadas en este punto de la ciudad, se construyeron 889 metros lineales de guarniciones y 1,240 m2 de banquetas, por lo que los vecinos podr\u00e1n transitar sin problemas por la calle Barranca del Muerto, adem\u00e1s de contribuir a un entorno m\u00e1s amigable.<\/p>\n\n\n\n<p>Tambi\u00e9n se construyeron rampas para personas con discapacidad, piezas de brocal y tapas de pozos de visita. Se pintaron lineales de raya continua\/discontinua separadora de sentidos sobre la calle.<\/p>\n\n\n\n<p>Incluy\u00e9ndose tambi\u00e9n, pintura en cruce de peatones, flechas indicadoras de sentido con pintura hule clorado y se aplicaron lineales de pintura hule clorado en guarniciones.<\/p>\n\n\n\n<p>Acompa\u00f1ado por ediles y directores de \u00e1rea, ponder\u00f3 que continuar\u00e1 impulsando el desarrollo de las boque\u00f1as y boque\u00f1os, as\u00ed como la calidad de vida de cada persona.<\/p>\n\n\n\n<p>Previo al recorrido de revisi\u00f3n de la obra acompa\u00f1ado por vecinos del lugar, el Alcalde Juan Manuel Un\u00e1nue Abascal, dese\u00f3 a todos los boque\u00f1os una feliz navidad y un excelente 2023, disfrutando de los beneficios de vivir en la mejor ciudad de Veracruz, Boca del R\u00edo.<\/p>\n\n\n\n<figure class=\"wp-block-image size-large\"><img loading=\"lazy\" decoding=\"async\" width=\"576\" height=\"1024\" src=\"https:\/\/encuentroinformativo.com.mx\/wp-content\/uploads\/2022\/12\/20EF1DFE-CAFA-4B8E-95F3-840C9C820FF6.jpeg\" alt=\"\" class=\"wp-image-34507\" srcset=\"https:\/\/encuentroinformativo.com.mx\/wp-content\/uploads\/2022\/12\/20EF1DFE-CAFA-4B8E-95F3-840C9C820FF6.jpeg 576w, https:\/\/encuentroinformativo.com.mx\/wp-content\/uploads\/2022\/12\/20EF1DFE-CAFA-4B8E-95F3-840C9C820FF6-169x300.jpeg 169w\" sizes=\"auto, (max-width: 576px) 100vw, 576px\" \/><\/figure>\n","protected":false},"excerpt":{"rendered":"<p>*En la Ampliaci\u00f3n Villa Rica. Boca del R\u00edo, Ver.- Complementando la pavimentaci\u00f3n, se realizaron banquetas y guarniciones, mejorando de esta forma el tr\u00e1nsito vehicular y contribuyendo a un entorno m\u00e1s amigable Estamos mejorando y rehabilitando la imagen urbana de Boca del R\u00edo, con trabajo y permanencia, para que cualquier persona pueda disfrutar de calles, avenidas [&hellip;]<\/p>\n","protected":false},"author":1,"featured_media":34506,"comment_status":"open","ping_status":"open","sticky":false,"template":"","format":"standard","meta":{"_jetpack_memberships_contains_paid_content":false,"footnotes":""},"categories":[2],"tags":[],"class_list":["post-34505","post","type-post","status-publish","format-standard","has-post-thumbnail","hentry","category-estado"],"jetpack_featured_media_url":"https:\/\/encuentroinformativo.com.mx\/wp-content\/uploads\/2022\/12\/C593CBE9-DC88-4D10-8D45-1B5916A677A6.jpeg","jetpack_sharing_enabled":true,"jetpack_likes_enabled":true,"amp_enabled":true,"_links":{"self":[{"href":"https:\/\/encuentroinformativo.com.mx\/index.php?rest_route=\/wp\/v2\/posts\/34505","targetHints":{"allow":["GET"]}}],"collection":[{"href":"https:\/\/encuentroinformativo.com.mx\/index.php?rest_route=\/wp\/v2\/posts"}],"about":[{"href":"https:\/\/encuentroinformativo.com.mx\/index.php?rest_route=\/wp\/v2\/types\/post"}],"author":[{"embeddable":true,"href":"https:\/\/encuentroinformativo.com.mx\/index.php?rest_route=\/wp\/v2\/users\/1"}],"replies":[{"embeddable":true,"href":"https:\/\/encuentroinformativo.com.mx\/index.php?rest_route=%2Fwp%2Fv2%2Fcomments&post=34505"}],"version-history":[{"count":1,"href":"https:\/\/encuentroinformativo.com.mx\/index.php?rest_route=\/wp\/v2\/posts\/34505\/revisions"}],"predecessor-version":[{"id":34508,"href":"https:\/\/encuentroinformativo.com.mx\/index.php?rest_route=\/wp\/v2\/posts\/34505\/revisions\/34508"}],"wp:featuredmedia":[{"embeddable":true,"href":"https:\/\/encuentroinformativo.com.mx\/index.php?rest_route=\/wp\/v2\/media\/34506"}],"wp:attachment":[{"href":"https:\/\/encuentroinformativo.com.mx\/index.php?rest_route=%2Fwp%2Fv2%2Fmedia&parent=34505"}],"wp:term":[{"taxonomy":"category","embeddable":true,"href":"https:\/\/encuentroinformativo.com.mx\/index.php?rest_route=%2Fwp%2Fv2%2Fcategories&post=34505"},{"taxonomy":"post_tag","embeddable":true,"href":"https:\/\/encuentroinformativo.com.mx\/index.php?rest_route=%2Fwp%2Fv2%2Ftags&post=34505"}],"curies":[{"name":"wp","href":"https:\/\/api.w.org\/{rel}","templated":true}]}}