{"id":34519,"date":"2022-12-16T10:51:30","date_gmt":"2022-12-16T16:51:30","guid":{"rendered":"https:\/\/encuentroinformativo.com.mx\/?p=34519"},"modified":"2022-12-16T10:51:34","modified_gmt":"2022-12-16T16:51:34","slug":"denuncia-mujer-presunto-abuso-sexual-en-colonia-de-poza-rica","status":"publish","type":"post","link":"https:\/\/encuentroinformativo.com.mx\/?p=34519","title":{"rendered":"Denuncia mujer presunto abuso sexual en colonia de Poza Rica"},"content":{"rendered":"\n<p><strong>Alejandro \u00c1vila<\/strong><\/p>\n\n\n\n<p>Poza Rica, Ver.- Una mujer solicit\u00f3 el apoyo de las corporaciones policiales en la colonia Arroyo del Ma\u00edz en el municipio de Poza Rica, toda vez que se\u00f1al\u00f3 haber sido v\u00edctima de abuso sexual.<\/p>\n\n\n\n<p>Los hechos habr\u00edan ocurrido en la mencionada colonia, espec\u00edficamente en la calle R\u00edo Santo Domingo, d\u00f3nde al llegar la Unidad de Atenci\u00f3n contra la Violencia de la Mujer de la Polic\u00eda Municipal, la v\u00edctima narro su traumante experiencia.<\/p>\n\n\n\n<p>Siguiendo el protocolo, los elementos de seguridad dieron parte a la Unidad Integral de Procuraci\u00f3n de Justicia de la Fiscal\u00eda General del Estado (FGE), por lo que intervinieron detectives de la Polic\u00eda Ministerial.<\/p>\n\n\n\n<p>La identidad de la agraviada se ha mantenido resguardada por la delicadeza del caso, el cual ya est\u00e1 siendo investigado por la FGE y se dice que se tiene avances importantes.<\/p>\n\n\n\n<p>La mujer denunciante fue resguardada por los municipales hasta que fue llevada ante las autoridades ministeriales, qui\u00e9nes podr\u00edan exponer su caso ante un Juez de Control en las pr\u00f3ximas horas.<\/p>\n","protected":false},"excerpt":{"rendered":"<p>Alejandro \u00c1vila Poza Rica, Ver.- Una mujer solicit\u00f3 el apoyo de las corporaciones policiales en la colonia Arroyo del Ma\u00edz en el municipio de Poza Rica, toda vez que se\u00f1al\u00f3 haber sido v\u00edctima de abuso sexual. Los hechos habr\u00edan ocurrido en la mencionada colonia, espec\u00edficamente en la calle R\u00edo Santo Domingo, d\u00f3nde al llegar la [&hellip;]<\/p>\n","protected":false},"author":1,"featured_media":34520,"comment_status":"open","ping_status":"open","sticky":false,"template":"","format":"standard","meta":{"_jetpack_memberships_contains_paid_content":false,"footnotes":""},"categories":[14],"tags":[],"class_list":["post-34519","post","type-post","status-publish","format-standard","has-post-thumbnail","hentry","category-policiaca"],"jetpack_featured_media_url":"https:\/\/encuentroinformativo.com.mx\/wp-content\/uploads\/2022\/12\/C04974C9-1955-457A-8024-FA2321093226.jpeg","jetpack_sharing_enabled":true,"jetpack_likes_enabled":true,"amp_enabled":true,"_links":{"self":[{"href":"https:\/\/encuentroinformativo.com.mx\/index.php?rest_route=\/wp\/v2\/posts\/34519","targetHints":{"allow":["GET"]}}],"collection":[{"href":"https:\/\/encuentroinformativo.com.mx\/index.php?rest_route=\/wp\/v2\/posts"}],"about":[{"href":"https:\/\/encuentroinformativo.com.mx\/index.php?rest_route=\/wp\/v2\/types\/post"}],"author":[{"embeddable":true,"href":"https:\/\/encuentroinformativo.com.mx\/index.php?rest_route=\/wp\/v2\/users\/1"}],"replies":[{"embeddable":true,"href":"https:\/\/encuentroinformativo.com.mx\/index.php?rest_route=%2Fwp%2Fv2%2Fcomments&post=34519"}],"version-history":[{"count":1,"href":"https:\/\/encuentroinformativo.com.mx\/index.php?rest_route=\/wp\/v2\/posts\/34519\/revisions"}],"predecessor-version":[{"id":34521,"href":"https:\/\/encuentroinformativo.com.mx\/index.php?rest_route=\/wp\/v2\/posts\/34519\/revisions\/34521"}],"wp:featuredmedia":[{"embeddable":true,"href":"https:\/\/encuentroinformativo.com.mx\/index.php?rest_route=\/wp\/v2\/media\/34520"}],"wp:attachment":[{"href":"https:\/\/encuentroinformativo.com.mx\/index.php?rest_route=%2Fwp%2Fv2%2Fmedia&parent=34519"}],"wp:term":[{"taxonomy":"category","embeddable":true,"href":"https:\/\/encuentroinformativo.com.mx\/index.php?rest_route=%2Fwp%2Fv2%2Fcategories&post=34519"},{"taxonomy":"post_tag","embeddable":true,"href":"https:\/\/encuentroinformativo.com.mx\/index.php?rest_route=%2Fwp%2Fv2%2Ftags&post=34519"}],"curies":[{"name":"wp","href":"https:\/\/api.w.org\/{rel}","templated":true}]}}