{"id":34528,"date":"2022-12-16T12:46:47","date_gmt":"2022-12-16T18:46:47","guid":{"rendered":"https:\/\/encuentroinformativo.com.mx\/?p=34528"},"modified":"2022-12-16T12:46:51","modified_gmt":"2022-12-16T18:46:51","slug":"inicia-festival-de-mascaras-danzantes","status":"publish","type":"post","link":"https:\/\/encuentroinformativo.com.mx\/?p=34528","title":{"rendered":"Inicia Festival de M\u00e1scaras Danzantes"},"content":{"rendered":"\n<p><strong>Dar\u00edo Pale <\/strong><\/p>\n\n\n\n<p>Xalapa, Ver.- Colorida diversidad cultural en el inicio del II Festival Nacional de M\u00e1scaras Danzantes y el s\u00e1bado reconocer\u00e1n p\u00fablicamente a quienes han preservado las danzas e impulsan este festival, entre ellos el ex presidente de la C\u00e1mara de Diputados, Sergio Guti\u00e9rrez Luna.<\/p>\n\n\n\n<p>En el bulevar Bravo del municipio de Coscomatepec se inaugur\u00f3 el II Festival Nacional de M\u00e1scaras Danzantes que llen\u00f3 de colorido, m\u00fasica y alegr\u00eda la zona en la que cientos de familias residentes en la regi\u00f3n y visitantes de diferentes lugares del pa\u00eds festejaron con aplausos el inicio de este trascendental encuentro.<\/p>\n\n\n\n<p>Danzantes, m\u00fasicos, talleristas, conferencistas y turistas se encuentran en este lugar desde este 15 hasta el 18 de diciembre para mostrar las tradiciones y la riqueza cultural que hay en los diferentes estados de la rep\u00fablica consolidando un evento de corte mundial, como lo ha comentado uno de los principales promotores, el ex presidente de la C\u00e1mara de Diputados, Sergio Guti\u00e9rrez Luna.<\/p>\n\n\n\n<p>Durante la primera jornada de este evento y en la inauguraci\u00f3n oficial se cont\u00f3 con autoridades de diferentes estados, comit\u00e9 organizador, alcaldes, representantes del INAH, danzantes, mascareros y el p\u00fablico que con sus aplausos reconocieron el esfuerzo de cada uno de los participantes al demostrar a trav\u00e9s de las danzas la magia que tiene cada estado donde se conservan estas importantes tradiciones.<\/p>\n\n\n\n<p>En la jornada del s\u00e1bado 17 de diciembre se realizar\u00e1 una emotiva ceremonia especialdonde ser\u00e1n reconocidos p\u00fablicamente los mascareros y danzantes que han preservado estas tradiciones, as\u00ed como los principales impulsores de este encuentro que se han comprometido a acrecentarlo y llevarlo a otras latitudes, como es el diputado federal veracruzano, Sergio Guti\u00e9rrez Luna.<\/p>\n\n\n\n<p>Durante cuatro d\u00edas, mil 500 danzantes y 300 m\u00fasicos ejecutar\u00e1n danzas de cuarenta pueblos mexicanos adem\u00e1s de actividades que se han programado para todo el p\u00fablico que permitir\u00e1 conocer la riqueza cultural de Veracruz y el pa\u00eds.<\/p>\n\n\n\n<p>Esta segunda edici\u00f3n cuenta con subsedes en Ixhuatl\u00e1n del Caf\u00e9, Tomatl\u00e1n y Chocam\u00e1n, donde se han programado talleres, conferencias, presentaciones de libros relacionados con las tradiciones de las m\u00e1scaras y las danzas, su significado y la importancia hist\u00f3rica.<\/p>\n","protected":false},"excerpt":{"rendered":"<p>Dar\u00edo Pale Xalapa, Ver.- Colorida diversidad cultural en el inicio del II Festival Nacional de M\u00e1scaras Danzantes y el s\u00e1bado reconocer\u00e1n p\u00fablicamente a quienes han preservado las danzas e impulsan este festival, entre ellos el ex presidente de la C\u00e1mara de Diputados, Sergio Guti\u00e9rrez Luna. En el bulevar Bravo del municipio de Coscomatepec se inaugur\u00f3 [&hellip;]<\/p>\n","protected":false},"author":1,"featured_media":34529,"comment_status":"open","ping_status":"open","sticky":false,"template":"","format":"standard","meta":{"_jetpack_memberships_contains_paid_content":false,"footnotes":""},"categories":[2],"tags":[],"class_list":["post-34528","post","type-post","status-publish","format-standard","has-post-thumbnail","hentry","category-estado"],"jetpack_featured_media_url":"https:\/\/encuentroinformativo.com.mx\/wp-content\/uploads\/2022\/12\/900C2FBE-2B93-4882-B50E-EEA4C32696F9.jpeg","jetpack_sharing_enabled":true,"jetpack_likes_enabled":true,"amp_enabled":true,"_links":{"self":[{"href":"https:\/\/encuentroinformativo.com.mx\/index.php?rest_route=\/wp\/v2\/posts\/34528","targetHints":{"allow":["GET"]}}],"collection":[{"href":"https:\/\/encuentroinformativo.com.mx\/index.php?rest_route=\/wp\/v2\/posts"}],"about":[{"href":"https:\/\/encuentroinformativo.com.mx\/index.php?rest_route=\/wp\/v2\/types\/post"}],"author":[{"embeddable":true,"href":"https:\/\/encuentroinformativo.com.mx\/index.php?rest_route=\/wp\/v2\/users\/1"}],"replies":[{"embeddable":true,"href":"https:\/\/encuentroinformativo.com.mx\/index.php?rest_route=%2Fwp%2Fv2%2Fcomments&post=34528"}],"version-history":[{"count":1,"href":"https:\/\/encuentroinformativo.com.mx\/index.php?rest_route=\/wp\/v2\/posts\/34528\/revisions"}],"predecessor-version":[{"id":34530,"href":"https:\/\/encuentroinformativo.com.mx\/index.php?rest_route=\/wp\/v2\/posts\/34528\/revisions\/34530"}],"wp:featuredmedia":[{"embeddable":true,"href":"https:\/\/encuentroinformativo.com.mx\/index.php?rest_route=\/wp\/v2\/media\/34529"}],"wp:attachment":[{"href":"https:\/\/encuentroinformativo.com.mx\/index.php?rest_route=%2Fwp%2Fv2%2Fmedia&parent=34528"}],"wp:term":[{"taxonomy":"category","embeddable":true,"href":"https:\/\/encuentroinformativo.com.mx\/index.php?rest_route=%2Fwp%2Fv2%2Fcategories&post=34528"},{"taxonomy":"post_tag","embeddable":true,"href":"https:\/\/encuentroinformativo.com.mx\/index.php?rest_route=%2Fwp%2Fv2%2Ftags&post=34528"}],"curies":[{"name":"wp","href":"https:\/\/api.w.org\/{rel}","templated":true}]}}