{"id":34535,"date":"2022-12-16T15:48:05","date_gmt":"2022-12-16T21:48:05","guid":{"rendered":"https:\/\/encuentroinformativo.com.mx\/?p=34535"},"modified":"2022-12-16T15:48:09","modified_gmt":"2022-12-16T21:48:09","slug":"condena-prd-homicidio-de-saul-reyes","status":"publish","type":"post","link":"https:\/\/encuentroinformativo.com.mx\/?p=34535","title":{"rendered":"Condena PRD homicidio de Sa\u00fal Reyes"},"content":{"rendered":"\n<p><strong>Juan Arcos<\/strong><\/p>\n\n\n\n<p>Xalapa, Ver.- El dirigente estatal del Partido de la Revoluci\u00f3n Democr\u00e1tica (PRD), Sergio Cadena Mart\u00ednez, conden\u00f3 el crimen de su correligionario Sa\u00fal Reyes Rodr\u00edguez, expresidente municipal de Texistepec.<\/p>\n\n\n\n<p>El l\u00edder del Sol Azteca en Veracruz record\u00f3 que el exfuncionario era un hombre \u00edntegro, que a lo largo de su trayectoria pol\u00edtica se caracteriz\u00f3 por su humanismo, as\u00ed como tambi\u00e9n, por trabajar por los que menos tienen y por el desarrollo y bienestar de la poblaci\u00f3n.<\/p>\n\n\n\n<p>Tambi\u00e9n consider\u00f3 que este atentado es reflejo de la severa crisis de inseguridad que se vive en el estado de Veracruz y que permea en todos los sectores de la poblaci\u00f3n.<\/p>\n\n\n\n<p>A su juicio, han repuntado los \u00edndices delictivos por la presunta impunidad que ha predominado en las distintas regiones de la entidad.<\/p>\n\n\n\n<p>\u201cLa sociedad tiene miedo de salir a las calles y no es para menos, pues vemos agresiones como la hecha a nuestro amigo Sa\u00fal Reyes; los delincuentes act\u00faan con total impunidad, porque est\u00e1n confiados en que no les har\u00e1n nada\u201d, expres\u00f3.<\/p>\n\n\n\n<p>Cadena Mart\u00ednez tambi\u00e9n critic\u00f3 el discurso de las autoridades estatales que presumen a un Veracruz seguro y destacan la coordinaci\u00f3n con otras instituciones para hacer frente a los delitos.<\/p>\n\n\n\n<p>\u201cDesde nuestro punto de vista su estrategia no ha funcionado y el claro ejemplo es que hoy perdimos a un ser humano ejemplar, muy querido por su pueblo y que deja un legado de trabajo incansable\u201d, a\u00f1adi\u00f3.<\/p>\n\n\n\n<p>El Presidente del PRD en Veracruz exigi\u00f3 a las autoridades que agilicen las investigaciones para dar con los homicidas de Sa\u00fal Reyes.<\/p>\n\n\n\n<p>\u201cA las autoridades les exigimos hagan lo que les corresponde y den con los autores de este crimen atroz; estaremos muy pendientes de la carpeta de investigaci\u00f3n y del seguimiento al caso; no cesaremos en nuestra lucha para exigir justicia\u201d, enfatiz\u00f3.<\/p>\n\n\n\n<p>El exalcalde de Texistepec fue asesinado a balazos la noche del jueves 15 de diciembre, cuando se encontraba en un velorio, cerca de su domicilio.<\/p>\n","protected":false},"excerpt":{"rendered":"<p>Juan Arcos Xalapa, Ver.- El dirigente estatal del Partido de la Revoluci\u00f3n Democr\u00e1tica (PRD), Sergio Cadena Mart\u00ednez, conden\u00f3 el crimen de su correligionario Sa\u00fal Reyes Rodr\u00edguez, expresidente municipal de Texistepec. El l\u00edder del Sol Azteca en Veracruz record\u00f3 que el exfuncionario era un hombre \u00edntegro, que a lo largo de su trayectoria pol\u00edtica se caracteriz\u00f3 [&hellip;]<\/p>\n","protected":false},"author":1,"featured_media":34536,"comment_status":"open","ping_status":"open","sticky":false,"template":"","format":"standard","meta":{"_jetpack_memberships_contains_paid_content":false,"footnotes":""},"categories":[2],"tags":[],"class_list":["post-34535","post","type-post","status-publish","format-standard","has-post-thumbnail","hentry","category-estado"],"jetpack_featured_media_url":"https:\/\/encuentroinformativo.com.mx\/wp-content\/uploads\/2022\/12\/5B979370-27A3-4167-80D8-2D16D218BDDE.jpeg","jetpack_sharing_enabled":true,"jetpack_likes_enabled":true,"amp_enabled":true,"_links":{"self":[{"href":"https:\/\/encuentroinformativo.com.mx\/index.php?rest_route=\/wp\/v2\/posts\/34535","targetHints":{"allow":["GET"]}}],"collection":[{"href":"https:\/\/encuentroinformativo.com.mx\/index.php?rest_route=\/wp\/v2\/posts"}],"about":[{"href":"https:\/\/encuentroinformativo.com.mx\/index.php?rest_route=\/wp\/v2\/types\/post"}],"author":[{"embeddable":true,"href":"https:\/\/encuentroinformativo.com.mx\/index.php?rest_route=\/wp\/v2\/users\/1"}],"replies":[{"embeddable":true,"href":"https:\/\/encuentroinformativo.com.mx\/index.php?rest_route=%2Fwp%2Fv2%2Fcomments&post=34535"}],"version-history":[{"count":1,"href":"https:\/\/encuentroinformativo.com.mx\/index.php?rest_route=\/wp\/v2\/posts\/34535\/revisions"}],"predecessor-version":[{"id":34537,"href":"https:\/\/encuentroinformativo.com.mx\/index.php?rest_route=\/wp\/v2\/posts\/34535\/revisions\/34537"}],"wp:featuredmedia":[{"embeddable":true,"href":"https:\/\/encuentroinformativo.com.mx\/index.php?rest_route=\/wp\/v2\/media\/34536"}],"wp:attachment":[{"href":"https:\/\/encuentroinformativo.com.mx\/index.php?rest_route=%2Fwp%2Fv2%2Fmedia&parent=34535"}],"wp:term":[{"taxonomy":"category","embeddable":true,"href":"https:\/\/encuentroinformativo.com.mx\/index.php?rest_route=%2Fwp%2Fv2%2Fcategories&post=34535"},{"taxonomy":"post_tag","embeddable":true,"href":"https:\/\/encuentroinformativo.com.mx\/index.php?rest_route=%2Fwp%2Fv2%2Ftags&post=34535"}],"curies":[{"name":"wp","href":"https:\/\/api.w.org\/{rel}","templated":true}]}}