{"id":34538,"date":"2022-12-16T15:58:07","date_gmt":"2022-12-16T21:58:07","guid":{"rendered":"https:\/\/encuentroinformativo.com.mx\/?p=34538"},"modified":"2022-12-16T15:58:11","modified_gmt":"2022-12-16T21:58:11","slug":"confirma-fge-nueva-orden-de-aprehension-contra-rogelio-n","status":"publish","type":"post","link":"https:\/\/encuentroinformativo.com.mx\/?p=34538","title":{"rendered":"Confirma FGE nueva orden de aprehensi\u00f3n contra Rogelio N"},"content":{"rendered":"\n<p><strong>Dar\u00edo Pale<\/strong><\/p>\n\n\n\n<p>Xalapa, Ver.- La Fiscal\u00eda General del Estado(FGE), confirm\u00f3 que se ejecut\u00f3 la orden de aprehensi\u00f3n en contra de Rogelio N, exsecretario de gobierno en el bienio Yunista, luego de que se siguieran las investigaciones tras el amparo que el indiciado interpuso ante autoridades judiciales federales.<\/p>\n\n\n\n<p>En entrevista la titular Ver\u00f3nica Hern\u00e1ndez Giad\u00e1ns, record\u00f3 que si bien con este amparo se dict\u00f3 una medida a favor de Rogelio N, esto no impidi\u00f3 que la fiscal\u00eda continuar\u00e1 sus investigaciones y que se emitiera una nueva orden de aprehensi\u00f3n por los presuntos delitos de peculado y uso indebido del cargo p\u00fablico.<\/p>\n\n\n\n<p>&#8220;Era la carpeta que estaba y ayer fue la audiencia por la orden de aprehensi\u00f3n que se ejecut\u00f3, qued\u00f3 con prisi\u00f3n preventiva justificada y me parece que el 20 o 21 de diciembre ser\u00e1 la audiencia de vinculaci\u00f3n&#8221;, se\u00f1al\u00f3.<\/p>\n\n\n\n<p>La Fiscal General, rechaz\u00f3 que est\u00e1s acciones tengan que ver con la pol\u00edtica y asegur\u00f3 que de eso ha dado muestra la dependencia que siempre ha trabajado apegados a derecho y han demostrado sin duda que no hay impunidad ni intocables.<\/p>\n\n\n\n<p>Finalmente, sobre el caso del exalcalde Texistepec, Sa\u00fal Reyes Rodr\u00edguez, asegur\u00f3 que es un tema que se est\u00e1 investigando y por secrecia evit\u00f3 revelar datos.<\/p>\n","protected":false},"excerpt":{"rendered":"<p>Dar\u00edo Pale Xalapa, Ver.- La Fiscal\u00eda General del Estado(FGE), confirm\u00f3 que se ejecut\u00f3 la orden de aprehensi\u00f3n en contra de Rogelio N, exsecretario de gobierno en el bienio Yunista, luego de que se siguieran las investigaciones tras el amparo que el indiciado interpuso ante autoridades judiciales federales. En entrevista la titular Ver\u00f3nica Hern\u00e1ndez Giad\u00e1ns, record\u00f3 [&hellip;]<\/p>\n","protected":false},"author":1,"featured_media":34539,"comment_status":"open","ping_status":"open","sticky":false,"template":"","format":"standard","meta":{"_jetpack_memberships_contains_paid_content":false,"footnotes":""},"categories":[2],"tags":[],"class_list":["post-34538","post","type-post","status-publish","format-standard","has-post-thumbnail","hentry","category-estado"],"jetpack_featured_media_url":"https:\/\/encuentroinformativo.com.mx\/wp-content\/uploads\/2022\/12\/1ADE95C6-CB37-4C5C-BB33-801AE516B66F.jpeg","jetpack_sharing_enabled":true,"jetpack_likes_enabled":true,"amp_enabled":true,"_links":{"self":[{"href":"https:\/\/encuentroinformativo.com.mx\/index.php?rest_route=\/wp\/v2\/posts\/34538","targetHints":{"allow":["GET"]}}],"collection":[{"href":"https:\/\/encuentroinformativo.com.mx\/index.php?rest_route=\/wp\/v2\/posts"}],"about":[{"href":"https:\/\/encuentroinformativo.com.mx\/index.php?rest_route=\/wp\/v2\/types\/post"}],"author":[{"embeddable":true,"href":"https:\/\/encuentroinformativo.com.mx\/index.php?rest_route=\/wp\/v2\/users\/1"}],"replies":[{"embeddable":true,"href":"https:\/\/encuentroinformativo.com.mx\/index.php?rest_route=%2Fwp%2Fv2%2Fcomments&post=34538"}],"version-history":[{"count":1,"href":"https:\/\/encuentroinformativo.com.mx\/index.php?rest_route=\/wp\/v2\/posts\/34538\/revisions"}],"predecessor-version":[{"id":34540,"href":"https:\/\/encuentroinformativo.com.mx\/index.php?rest_route=\/wp\/v2\/posts\/34538\/revisions\/34540"}],"wp:featuredmedia":[{"embeddable":true,"href":"https:\/\/encuentroinformativo.com.mx\/index.php?rest_route=\/wp\/v2\/media\/34539"}],"wp:attachment":[{"href":"https:\/\/encuentroinformativo.com.mx\/index.php?rest_route=%2Fwp%2Fv2%2Fmedia&parent=34538"}],"wp:term":[{"taxonomy":"category","embeddable":true,"href":"https:\/\/encuentroinformativo.com.mx\/index.php?rest_route=%2Fwp%2Fv2%2Fcategories&post=34538"},{"taxonomy":"post_tag","embeddable":true,"href":"https:\/\/encuentroinformativo.com.mx\/index.php?rest_route=%2Fwp%2Fv2%2Ftags&post=34538"}],"curies":[{"name":"wp","href":"https:\/\/api.w.org\/{rel}","templated":true}]}}