{"id":34541,"date":"2022-12-16T16:34:15","date_gmt":"2022-12-16T22:34:15","guid":{"rendered":"https:\/\/encuentroinformativo.com.mx\/?p=34541"},"modified":"2022-12-16T16:34:19","modified_gmt":"2022-12-16T22:34:19","slug":"disputa-de-terrenos-posible-movil-de-homicidio-de-ex-alcalde","status":"publish","type":"post","link":"https:\/\/encuentroinformativo.com.mx\/?p=34541","title":{"rendered":"Disputa de terrenos posible m\u00f3vil de homicidio de ex alcalde"},"content":{"rendered":"\n<p><strong>Dar\u00edo Pale<\/strong><\/p>\n\n\n\n<p>Xalapa, Ver.- El gobernador del estado Cuitl\u00e1huac Garc\u00eda Jim\u00e9nez dio a conocer que la disputa entre grupos delictivos por terrenos ser\u00eda causa de crimen de exalcalde de Texistepec Sa\u00fal Reyes Rodr\u00edguez.<\/p>\n\n\n\n<p>Entrevistado en la Academia de Polic\u00eda afirm\u00f3 que en dicho municipio existe una disputa por unos terrenos que tienen &#8220;lodo con hidrocarburos&#8221; y que comercialmente tienen un precio atractivo para quienes quieren invertir en ese giro.<\/p>\n\n\n\n<p>&#8220;Y han entrado en disputa tanto los due\u00f1os leg\u00edtimos de los terrenos como las autoridades municipales y algunas otras organizaciones delictivas, grupos delictivos que hay ah\u00ed&#8221;, se\u00f1al\u00f3.<\/p>\n\n\n\n<p>&#8220;Pensamos que la disputa entre una banda que liderea y que tenemos bien identificado a El Abuelo, con una de las empresas que ten\u00eda en su poder un contrato para hacer esta recolecci\u00f3n de los lodos, que se llama Lindel Puerto, ha ido escalando esa disputa&#8221;, agreg\u00f3.<\/p>\n\n\n\n<p>Aunque ahora descubrieron que hay un tercero en disputa que ya tienen identificado conocido como alias El Chivo.<\/p>\n\n\n\n<p>Reconoci\u00f3 que todo esto genera una complicidad, por lo que la Fiscal\u00eda General del Estado est\u00e1 investigando, ah\u00ed refiri\u00f3 el homicidio del regidor primero del ayuntamiento de Texistepec, Enrique Arg\u00fcelles Montero, asesinando el pasado 29 de noviembre.<\/p>\n\n\n\n<p>Afirm\u00f3 que no se olvidar\u00e1n del crimen del exalcalde Sa\u00fal Reyes Rodr\u00edguez, ocurrido la media noche de este jueves en aquel municipio del sur de Veracruz.<\/p>\n\n\n\n<p>Recalc\u00f3 que no permitir\u00e1n ajustes de cuentas entre las bandas de los grupos delincuenciales de la zona ni que se mezclen intereses porque lo principal es el bienestar de la gente de dicho municipio.<\/p>\n\n\n\n<p>Finalmente afirm\u00f3 que ya las investigaciones van avanzadas, pero anunci\u00f3 un reforzamiento de la seguridad en aquella zona y en ese sentido, garantiz\u00f3 que habr\u00e1 detenidos &#8220;sin duda alguna&#8221;.<\/p>\n","protected":false},"excerpt":{"rendered":"<p>Dar\u00edo Pale Xalapa, Ver.- El gobernador del estado Cuitl\u00e1huac Garc\u00eda Jim\u00e9nez dio a conocer que la disputa entre grupos delictivos por terrenos ser\u00eda causa de crimen de exalcalde de Texistepec Sa\u00fal Reyes Rodr\u00edguez. Entrevistado en la Academia de Polic\u00eda afirm\u00f3 que en dicho municipio existe una disputa por unos terrenos que tienen &#8220;lodo con hidrocarburos&#8221; [&hellip;]<\/p>\n","protected":false},"author":1,"featured_media":34542,"comment_status":"open","ping_status":"open","sticky":false,"template":"","format":"standard","meta":{"_jetpack_memberships_contains_paid_content":false,"footnotes":""},"categories":[2],"tags":[],"class_list":["post-34541","post","type-post","status-publish","format-standard","has-post-thumbnail","hentry","category-estado"],"jetpack_featured_media_url":"https:\/\/encuentroinformativo.com.mx\/wp-content\/uploads\/2022\/12\/25B8152F-A9D1-47B5-8123-4EA94C357035.jpeg","jetpack_sharing_enabled":true,"jetpack_likes_enabled":true,"amp_enabled":true,"_links":{"self":[{"href":"https:\/\/encuentroinformativo.com.mx\/index.php?rest_route=\/wp\/v2\/posts\/34541","targetHints":{"allow":["GET"]}}],"collection":[{"href":"https:\/\/encuentroinformativo.com.mx\/index.php?rest_route=\/wp\/v2\/posts"}],"about":[{"href":"https:\/\/encuentroinformativo.com.mx\/index.php?rest_route=\/wp\/v2\/types\/post"}],"author":[{"embeddable":true,"href":"https:\/\/encuentroinformativo.com.mx\/index.php?rest_route=\/wp\/v2\/users\/1"}],"replies":[{"embeddable":true,"href":"https:\/\/encuentroinformativo.com.mx\/index.php?rest_route=%2Fwp%2Fv2%2Fcomments&post=34541"}],"version-history":[{"count":1,"href":"https:\/\/encuentroinformativo.com.mx\/index.php?rest_route=\/wp\/v2\/posts\/34541\/revisions"}],"predecessor-version":[{"id":34543,"href":"https:\/\/encuentroinformativo.com.mx\/index.php?rest_route=\/wp\/v2\/posts\/34541\/revisions\/34543"}],"wp:featuredmedia":[{"embeddable":true,"href":"https:\/\/encuentroinformativo.com.mx\/index.php?rest_route=\/wp\/v2\/media\/34542"}],"wp:attachment":[{"href":"https:\/\/encuentroinformativo.com.mx\/index.php?rest_route=%2Fwp%2Fv2%2Fmedia&parent=34541"}],"wp:term":[{"taxonomy":"category","embeddable":true,"href":"https:\/\/encuentroinformativo.com.mx\/index.php?rest_route=%2Fwp%2Fv2%2Fcategories&post=34541"},{"taxonomy":"post_tag","embeddable":true,"href":"https:\/\/encuentroinformativo.com.mx\/index.php?rest_route=%2Fwp%2Fv2%2Ftags&post=34541"}],"curies":[{"name":"wp","href":"https:\/\/api.w.org\/{rel}","templated":true}]}}