{"id":34544,"date":"2022-12-16T17:11:10","date_gmt":"2022-12-16T23:11:10","guid":{"rendered":"https:\/\/encuentroinformativo.com.mx\/?p=34544"},"modified":"2022-12-16T17:11:15","modified_gmt":"2022-12-16T23:11:15","slug":"no-se-cerraran-calles-por-ventas-de-comerciantes-alcalde","status":"publish","type":"post","link":"https:\/\/encuentroinformativo.com.mx\/?p=34544","title":{"rendered":"No se cerrar\u00e1n calles por ventas de comerciantes: Alcalde"},"content":{"rendered":"\n<p><strong>Dar\u00edo Pale<\/strong><\/p>\n\n\n\n<p>Xalapa, Ver.- El presidente municipal, Ricardo Ahued Bardahuil asegur\u00f3 que este a\u00f1o no se permitir\u00e1 que cierren la calle Victoria, entre Clavijero y Revoluci\u00f3n para ofertar diferentes productos y comida como sucedi\u00f3 el a\u00f1o pasado.<\/p>\n\n\n\n<p>Los comerciantes de distintas agrupaciones del centro de Xalapa se instalaron desde este viernes sobre la calle Francisco Javier Clavijero, las estructuras para la venta de distintos productos, principalmente de electr\u00f3nica y juguetes fueron colocadas sobre la mitad de un carril, desde el cruce con las calles Poeta Jes\u00fas D\u00edaz hasta Altamirano.<\/p>\n\n\n\n<p>\u201cTradicionalmente ah\u00ed ha habido espacios que ocupan para la venta decembrina, se comprende, pero con orden, \u00a0lo m\u00e1s que se pueda. Ha habido reuniones del director de Comercio con los diferentes grupos que quieren hacer la venta y aprovechar y hacer un poquito su econom\u00eda en la venta de estas festividades&#8221;, se\u00f1al\u00f3.<\/p>\n\n\n\n<p>&#8220;De aqu\u00ed al 6 de enero, se empiezan a dar los espacios, en orden, \u00a0con pl\u00e1ticas con el Mercado J\u00e1uregui, con la Plaza Clavijero, con los compa\u00f1eros, tratando que no vaya a haber la intervenci\u00f3n de una avenida que provoque problemas de circulaci\u00f3n\u201d, agreg\u00f3.<\/p>\n\n\n\n<p>El presidente municipal subray\u00f3 que la instalaci\u00f3n de comercios para la preparaci\u00f3n de cualquier alimento no se permitir\u00e1 para evitar riesgo de alg\u00fan accidente, pues en su mayor\u00eda usan tanques de gas.<\/p>\n\n\n\n<p>&#8220;Por temas de Protecci\u00f3n Civil, de viviendas que est\u00e1 muy angosta la calle, entonces preferimos darles espacios abiertos para que no tengamos esa calle tapada y adem\u00e1s es muy peligroso porque ten\u00edan esa calle tapada y al parecer ha habido muy buena recepci\u00f3n de las y los comerciantes y llegamos a acuerdos en ese di\u00e1logo\u201d, inform\u00f3.<\/p>\n\n\n\n<p>Por \u00faltimo se\u00f1al\u00f3 que asta ahora los comerciantes han salido \u00fanicamente a la calle Clavijero, aunque podr\u00edan instalarse m\u00e1s vendedores en calles aleda\u00f1as al mercado J\u00e1uregui en pr\u00f3ximos d\u00edas.<\/p>\n","protected":false},"excerpt":{"rendered":"<p>Dar\u00edo Pale Xalapa, Ver.- El presidente municipal, Ricardo Ahued Bardahuil asegur\u00f3 que este a\u00f1o no se permitir\u00e1 que cierren la calle Victoria, entre Clavijero y Revoluci\u00f3n para ofertar diferentes productos y comida como sucedi\u00f3 el a\u00f1o pasado. Los comerciantes de distintas agrupaciones del centro de Xalapa se instalaron desde este viernes sobre la calle Francisco [&hellip;]<\/p>\n","protected":false},"author":1,"featured_media":34545,"comment_status":"open","ping_status":"open","sticky":false,"template":"","format":"standard","meta":{"_jetpack_memberships_contains_paid_content":false,"footnotes":""},"categories":[3],"tags":[],"class_list":["post-34544","post","type-post","status-publish","format-standard","has-post-thumbnail","hentry","category-xalapa"],"jetpack_featured_media_url":"https:\/\/encuentroinformativo.com.mx\/wp-content\/uploads\/2022\/12\/D07A150C-7876-4C67-AAA2-F5CF8BBE8781.jpeg","jetpack_sharing_enabled":true,"jetpack_likes_enabled":true,"amp_enabled":true,"_links":{"self":[{"href":"https:\/\/encuentroinformativo.com.mx\/index.php?rest_route=\/wp\/v2\/posts\/34544","targetHints":{"allow":["GET"]}}],"collection":[{"href":"https:\/\/encuentroinformativo.com.mx\/index.php?rest_route=\/wp\/v2\/posts"}],"about":[{"href":"https:\/\/encuentroinformativo.com.mx\/index.php?rest_route=\/wp\/v2\/types\/post"}],"author":[{"embeddable":true,"href":"https:\/\/encuentroinformativo.com.mx\/index.php?rest_route=\/wp\/v2\/users\/1"}],"replies":[{"embeddable":true,"href":"https:\/\/encuentroinformativo.com.mx\/index.php?rest_route=%2Fwp%2Fv2%2Fcomments&post=34544"}],"version-history":[{"count":1,"href":"https:\/\/encuentroinformativo.com.mx\/index.php?rest_route=\/wp\/v2\/posts\/34544\/revisions"}],"predecessor-version":[{"id":34546,"href":"https:\/\/encuentroinformativo.com.mx\/index.php?rest_route=\/wp\/v2\/posts\/34544\/revisions\/34546"}],"wp:featuredmedia":[{"embeddable":true,"href":"https:\/\/encuentroinformativo.com.mx\/index.php?rest_route=\/wp\/v2\/media\/34545"}],"wp:attachment":[{"href":"https:\/\/encuentroinformativo.com.mx\/index.php?rest_route=%2Fwp%2Fv2%2Fmedia&parent=34544"}],"wp:term":[{"taxonomy":"category","embeddable":true,"href":"https:\/\/encuentroinformativo.com.mx\/index.php?rest_route=%2Fwp%2Fv2%2Fcategories&post=34544"},{"taxonomy":"post_tag","embeddable":true,"href":"https:\/\/encuentroinformativo.com.mx\/index.php?rest_route=%2Fwp%2Fv2%2Ftags&post=34544"}],"curies":[{"name":"wp","href":"https:\/\/api.w.org\/{rel}","templated":true}]}}