{"id":34547,"date":"2022-12-17T03:40:46","date_gmt":"2022-12-17T09:40:46","guid":{"rendered":"https:\/\/encuentroinformativo.com.mx\/?p=34547"},"modified":"2022-12-17T03:40:50","modified_gmt":"2022-12-17T09:40:50","slug":"continuaran-busqueda-de-seres-queridos-senalan-colectivos","status":"publish","type":"post","link":"https:\/\/encuentroinformativo.com.mx\/?p=34547","title":{"rendered":"Continuar\u00e1n b\u00fasqueda de seres queridos, se\u00f1alan Colectivos"},"content":{"rendered":"\n<p><strong>Juan Arcos <\/strong><\/p>\n\n\n\n<p>Xalapa, Ver.- Familiares de personas desaparecidas se\u00f1alaron que esta Navidad continuar\u00e1n su b\u00fasqueda y que en estas fechas no hay nada qu\u00e9 festejar para ellos.<\/p>\n\n\n\n<p>Se trata de integrantes del colectivo Familiares Enlaces Xalapa, quienes marcharon este viernes 16 de diciembre en esta ciudad de Xalapa.<\/p>\n\n\n\n<p>Las personas se concentraron sobre la avenida 20 de Noviembre, a la altura del pante\u00f3n Palo Verde, para despu\u00e9s caminar hacia Plaza Sebasti\u00e1n Lerdo de Tejada y protestar frente a Palacio de Gobierno.<\/p>\n\n\n\n<p>De acuerdo con Victoria Delgadillo Romero, integrante de dicho colectivo, se exige nuevamente a las autoridades para que agilicen las investigaciones y den con el paradero de sus seres queridos.<\/p>\n\n\n\n<p>\u201c\u00bfQu\u00e9 vamos a festejar si no tenemos a un hijo con nosotros? Para nosotros las navidades son \u00e9stas, exigir a las autoridades que siga la investigaci\u00f3n\u201d, expres\u00f3.<\/p>\n\n\n\n<p>La manifestaci\u00f3n se llev\u00f3 a cabo tambi\u00e9n para recordar que Zaira Romero Hern\u00e1ndez y Manuel Amante Torres desaparecieron en el mes de diciembre, hace siete a\u00f1os.<\/p>\n\n\n\n<p>La entrevistada repudi\u00f3 que hasta el momento no haya avances en las carpetas de investigaci\u00f3n por parte de la Fiscal\u00eda General del Estado (FGE).<\/p>\n\n\n\n<p>&#8220;Los trabajos est\u00e1n parados, todo est\u00e1 parado, no hay avances en ninguna de las carpetas y nosotros seguimos igual, por eso aqu\u00ed estamos, otro a\u00f1o m\u00e1s sin resultados&#8221;, increp\u00f3 Delgadillo Romero.<\/p>\n\n\n\n<figure class=\"wp-block-image size-large\"><img loading=\"lazy\" decoding=\"async\" width=\"1024\" height=\"683\" src=\"https:\/\/encuentroinformativo.com.mx\/wp-content\/uploads\/2022\/12\/74EDA991-DE30-465D-9AA7-A8F1C3C648E8-1024x683.jpeg\" alt=\"\" class=\"wp-image-34549\" srcset=\"https:\/\/encuentroinformativo.com.mx\/wp-content\/uploads\/2022\/12\/74EDA991-DE30-465D-9AA7-A8F1C3C648E8-1024x683.jpeg 1024w, https:\/\/encuentroinformativo.com.mx\/wp-content\/uploads\/2022\/12\/74EDA991-DE30-465D-9AA7-A8F1C3C648E8-300x200.jpeg 300w, https:\/\/encuentroinformativo.com.mx\/wp-content\/uploads\/2022\/12\/74EDA991-DE30-465D-9AA7-A8F1C3C648E8-768x512.jpeg 768w, https:\/\/encuentroinformativo.com.mx\/wp-content\/uploads\/2022\/12\/74EDA991-DE30-465D-9AA7-A8F1C3C648E8.jpeg 1280w\" sizes=\"auto, (max-width: 1024px) 100vw, 1024px\" \/><\/figure>\n","protected":false},"excerpt":{"rendered":"<p>Juan Arcos Xalapa, Ver.- Familiares de personas desaparecidas se\u00f1alaron que esta Navidad continuar\u00e1n su b\u00fasqueda y que en estas fechas no hay nada qu\u00e9 festejar para ellos. Se trata de integrantes del colectivo Familiares Enlaces Xalapa, quienes marcharon este viernes 16 de diciembre en esta ciudad de Xalapa. Las personas se concentraron sobre la avenida [&hellip;]<\/p>\n","protected":false},"author":1,"featured_media":34548,"comment_status":"open","ping_status":"open","sticky":false,"template":"","format":"standard","meta":{"_jetpack_memberships_contains_paid_content":false,"footnotes":""},"categories":[3],"tags":[],"class_list":["post-34547","post","type-post","status-publish","format-standard","has-post-thumbnail","hentry","category-xalapa"],"jetpack_featured_media_url":"https:\/\/encuentroinformativo.com.mx\/wp-content\/uploads\/2022\/12\/9D45EBC4-7DBC-4150-84FD-6D108A1A7152.jpeg","jetpack_sharing_enabled":true,"jetpack_likes_enabled":true,"amp_enabled":true,"_links":{"self":[{"href":"https:\/\/encuentroinformativo.com.mx\/index.php?rest_route=\/wp\/v2\/posts\/34547","targetHints":{"allow":["GET"]}}],"collection":[{"href":"https:\/\/encuentroinformativo.com.mx\/index.php?rest_route=\/wp\/v2\/posts"}],"about":[{"href":"https:\/\/encuentroinformativo.com.mx\/index.php?rest_route=\/wp\/v2\/types\/post"}],"author":[{"embeddable":true,"href":"https:\/\/encuentroinformativo.com.mx\/index.php?rest_route=\/wp\/v2\/users\/1"}],"replies":[{"embeddable":true,"href":"https:\/\/encuentroinformativo.com.mx\/index.php?rest_route=%2Fwp%2Fv2%2Fcomments&post=34547"}],"version-history":[{"count":1,"href":"https:\/\/encuentroinformativo.com.mx\/index.php?rest_route=\/wp\/v2\/posts\/34547\/revisions"}],"predecessor-version":[{"id":34550,"href":"https:\/\/encuentroinformativo.com.mx\/index.php?rest_route=\/wp\/v2\/posts\/34547\/revisions\/34550"}],"wp:featuredmedia":[{"embeddable":true,"href":"https:\/\/encuentroinformativo.com.mx\/index.php?rest_route=\/wp\/v2\/media\/34548"}],"wp:attachment":[{"href":"https:\/\/encuentroinformativo.com.mx\/index.php?rest_route=%2Fwp%2Fv2%2Fmedia&parent=34547"}],"wp:term":[{"taxonomy":"category","embeddable":true,"href":"https:\/\/encuentroinformativo.com.mx\/index.php?rest_route=%2Fwp%2Fv2%2Fcategories&post=34547"},{"taxonomy":"post_tag","embeddable":true,"href":"https:\/\/encuentroinformativo.com.mx\/index.php?rest_route=%2Fwp%2Fv2%2Ftags&post=34547"}],"curies":[{"name":"wp","href":"https:\/\/api.w.org\/{rel}","templated":true}]}}