{"id":34554,"date":"2022-12-17T10:07:44","date_gmt":"2022-12-17T16:07:44","guid":{"rendered":"https:\/\/encuentroinformativo.com.mx\/?p=34554"},"modified":"2022-12-17T10:07:48","modified_gmt":"2022-12-17T16:07:48","slug":"se-intenta-suicidar-detenido-en-cines-de-plaza-comercial","status":"publish","type":"post","link":"https:\/\/encuentroinformativo.com.mx\/?p=34554","title":{"rendered":"Se intenta suicidar detenido en cines de plaza comercial"},"content":{"rendered":"\n<p><strong>Alejandro \u00c1vila<\/strong><\/p>\n\n\n\n<p>Veracruz, Ver.- El joven que fue detenido el pasado mi\u00e9rcoles al interior de los cines del centro comercial Las Am\u00e9ricas, por intentar detonar una presunta arma de fuego; trato de quitarse la vida este viernes.<\/p>\n\n\n\n<p>Fuentes al interior de la Fiscal\u00eda General de la Rep\u00fablica (FGR), sede Veracruz, ubicada en la avenida JB Lobos, d\u00f3nde Alan Yoat &#8220;N&#8221; se encuentra detenido, informaron que pretend\u00eda quitarse la vida cort\u00e1ndose las venas de ambas manos.<\/p>\n\n\n\n<p>Se pudo conocer que el muchacho qui\u00e9n era trabajador de una empresa de pollos rostizados, utiliz\u00f3 los cubiertos de pl\u00e1stico que le entregaron durante sus alimentos del jueves por la noche para cortarse las venas de ambas manos.<\/p>\n\n\n\n<p>Alan Yoat se encuentra al momento fuera de peligro pero con vigilancia constante las 24 horas, ya que se busca evitar vuelva a cometer una acci\u00f3n de este tipo.<\/p>\n\n\n\n<p>El joven de 19 a\u00f1os se encuentra detenido y puesto a disposici\u00f3n de las autoridades federales, en espera de que un Juez dictamine su situaci\u00f3n jur\u00eddica.<\/p>\n","protected":false},"excerpt":{"rendered":"<p>Alejandro \u00c1vila Veracruz, Ver.- El joven que fue detenido el pasado mi\u00e9rcoles al interior de los cines del centro comercial Las Am\u00e9ricas, por intentar detonar una presunta arma de fuego; trato de quitarse la vida este viernes. Fuentes al interior de la Fiscal\u00eda General de la Rep\u00fablica (FGR), sede Veracruz, ubicada en la avenida JB [&hellip;]<\/p>\n","protected":false},"author":1,"featured_media":34555,"comment_status":"open","ping_status":"open","sticky":false,"template":"","format":"standard","meta":{"_jetpack_memberships_contains_paid_content":false,"footnotes":""},"categories":[14],"tags":[],"class_list":["post-34554","post","type-post","status-publish","format-standard","has-post-thumbnail","hentry","category-policiaca"],"jetpack_featured_media_url":"https:\/\/encuentroinformativo.com.mx\/wp-content\/uploads\/2022\/12\/C9149362-EFE2-4D0D-A734-B207CFFB379C.jpeg","jetpack_sharing_enabled":true,"jetpack_likes_enabled":true,"amp_enabled":true,"_links":{"self":[{"href":"https:\/\/encuentroinformativo.com.mx\/index.php?rest_route=\/wp\/v2\/posts\/34554","targetHints":{"allow":["GET"]}}],"collection":[{"href":"https:\/\/encuentroinformativo.com.mx\/index.php?rest_route=\/wp\/v2\/posts"}],"about":[{"href":"https:\/\/encuentroinformativo.com.mx\/index.php?rest_route=\/wp\/v2\/types\/post"}],"author":[{"embeddable":true,"href":"https:\/\/encuentroinformativo.com.mx\/index.php?rest_route=\/wp\/v2\/users\/1"}],"replies":[{"embeddable":true,"href":"https:\/\/encuentroinformativo.com.mx\/index.php?rest_route=%2Fwp%2Fv2%2Fcomments&post=34554"}],"version-history":[{"count":1,"href":"https:\/\/encuentroinformativo.com.mx\/index.php?rest_route=\/wp\/v2\/posts\/34554\/revisions"}],"predecessor-version":[{"id":34556,"href":"https:\/\/encuentroinformativo.com.mx\/index.php?rest_route=\/wp\/v2\/posts\/34554\/revisions\/34556"}],"wp:featuredmedia":[{"embeddable":true,"href":"https:\/\/encuentroinformativo.com.mx\/index.php?rest_route=\/wp\/v2\/media\/34555"}],"wp:attachment":[{"href":"https:\/\/encuentroinformativo.com.mx\/index.php?rest_route=%2Fwp%2Fv2%2Fmedia&parent=34554"}],"wp:term":[{"taxonomy":"category","embeddable":true,"href":"https:\/\/encuentroinformativo.com.mx\/index.php?rest_route=%2Fwp%2Fv2%2Fcategories&post=34554"},{"taxonomy":"post_tag","embeddable":true,"href":"https:\/\/encuentroinformativo.com.mx\/index.php?rest_route=%2Fwp%2Fv2%2Ftags&post=34554"}],"curies":[{"name":"wp","href":"https:\/\/api.w.org\/{rel}","templated":true}]}}