{"id":34557,"date":"2022-12-17T10:50:58","date_gmt":"2022-12-17T16:50:58","guid":{"rendered":"https:\/\/encuentroinformativo.com.mx\/?p=34557"},"modified":"2022-12-17T10:51:01","modified_gmt":"2022-12-17T16:51:01","slug":"sujeto-pierde-la-vida-en-comandancia-de-cazones","status":"publish","type":"post","link":"https:\/\/encuentroinformativo.com.mx\/?p=34557","title":{"rendered":"Sujeto pierde la vida en Comandancia de Cazones"},"content":{"rendered":"\n<p><strong>Alejandro \u00c1vila<\/strong><\/p>\n\n\n\n<p>Cazones De Herrera, Ver.- Un hombre que hab\u00eda sido ingresado a la Comandancia de la Polic\u00eda en el municipio de Cazones, decidi\u00f3 quitarse la vida ahorc\u00e1ndose con uno de sus calcetines.<\/p>\n\n\n\n<p>El suicidio se dio la noche de este viernes en las celdas preventivas de la Comandancia de la Polic\u00eda Municipal; cabe mencionar que, este es el segundo suicidio en el 2022, pues a principios de a\u00f1o, otro sujeto hab\u00eda decidido tambi\u00e9n quitarse la vida en el mismo lugar, pero utilizando su camisa.<\/p>\n\n\n\n<p>Pese al hermetismo que guardaron las autoridades, se supo que el occiso respond\u00eda al nombre de Alejandro G\u00f3mez T\u00e9llez, alias &#8220;El G\u00fcero Babas&#8221; de 26 a\u00f1os de edad, quien supuestamente hab\u00eda ingresado a las celdas preventivas bajo los efectos de alguna sustancia prohibida.<\/p>\n\n\n\n<p>Los municipales dieron parte a la Fiscal\u00eda General del Estado (FGE) por lo que lleg\u00f3 personal de la Unidad Integral de Procuraci\u00f3n de Justicia (UIPJ) para realizar las averiguaciones correspondientes.<\/p>\n\n\n\n<p>El cuerpo del &#8220;G\u00fcero Babas&#8221; fue llevado al anfiteatro de la ciudad de Poza Rica, en la funeraria Caro Benavides, en d\u00f3nde se le realizar\u00eda la necropsia de ley, para confirmar el motivo del deceso.<\/p>\n\n\n\n<p>Los encargados de la comandancia dijeron que no les pueden quitar todos los art\u00edculos pues violarian sus derechos humanos.<\/p>\n","protected":false},"excerpt":{"rendered":"<p>Alejandro \u00c1vila Cazones De Herrera, Ver.- Un hombre que hab\u00eda sido ingresado a la Comandancia de la Polic\u00eda en el municipio de Cazones, decidi\u00f3 quitarse la vida ahorc\u00e1ndose con uno de sus calcetines. El suicidio se dio la noche de este viernes en las celdas preventivas de la Comandancia de la Polic\u00eda Municipal; cabe mencionar [&hellip;]<\/p>\n","protected":false},"author":1,"featured_media":34558,"comment_status":"open","ping_status":"open","sticky":false,"template":"","format":"standard","meta":{"_jetpack_memberships_contains_paid_content":false,"footnotes":""},"categories":[14],"tags":[],"class_list":["post-34557","post","type-post","status-publish","format-standard","has-post-thumbnail","hentry","category-policiaca"],"jetpack_featured_media_url":"https:\/\/encuentroinformativo.com.mx\/wp-content\/uploads\/2022\/12\/2FE09EB1-1B8C-4CE5-8D15-6A7E8BC2FC56.jpeg","jetpack_sharing_enabled":true,"jetpack_likes_enabled":true,"amp_enabled":true,"_links":{"self":[{"href":"https:\/\/encuentroinformativo.com.mx\/index.php?rest_route=\/wp\/v2\/posts\/34557","targetHints":{"allow":["GET"]}}],"collection":[{"href":"https:\/\/encuentroinformativo.com.mx\/index.php?rest_route=\/wp\/v2\/posts"}],"about":[{"href":"https:\/\/encuentroinformativo.com.mx\/index.php?rest_route=\/wp\/v2\/types\/post"}],"author":[{"embeddable":true,"href":"https:\/\/encuentroinformativo.com.mx\/index.php?rest_route=\/wp\/v2\/users\/1"}],"replies":[{"embeddable":true,"href":"https:\/\/encuentroinformativo.com.mx\/index.php?rest_route=%2Fwp%2Fv2%2Fcomments&post=34557"}],"version-history":[{"count":1,"href":"https:\/\/encuentroinformativo.com.mx\/index.php?rest_route=\/wp\/v2\/posts\/34557\/revisions"}],"predecessor-version":[{"id":34559,"href":"https:\/\/encuentroinformativo.com.mx\/index.php?rest_route=\/wp\/v2\/posts\/34557\/revisions\/34559"}],"wp:featuredmedia":[{"embeddable":true,"href":"https:\/\/encuentroinformativo.com.mx\/index.php?rest_route=\/wp\/v2\/media\/34558"}],"wp:attachment":[{"href":"https:\/\/encuentroinformativo.com.mx\/index.php?rest_route=%2Fwp%2Fv2%2Fmedia&parent=34557"}],"wp:term":[{"taxonomy":"category","embeddable":true,"href":"https:\/\/encuentroinformativo.com.mx\/index.php?rest_route=%2Fwp%2Fv2%2Fcategories&post=34557"},{"taxonomy":"post_tag","embeddable":true,"href":"https:\/\/encuentroinformativo.com.mx\/index.php?rest_route=%2Fwp%2Fv2%2Ftags&post=34557"}],"curies":[{"name":"wp","href":"https:\/\/api.w.org\/{rel}","templated":true}]}}