{"id":3456,"date":"2020-06-18T14:48:23","date_gmt":"2020-06-18T19:48:23","guid":{"rendered":"https:\/\/encuentroinformativo.com\/?p=3456"},"modified":"2020-06-18T14:48:25","modified_gmt":"2020-06-18T19:48:25","slug":"reclama-pan-reinstalacion-de-alcalde-y-edil-de-actopan","status":"publish","type":"post","link":"https:\/\/encuentroinformativo.com.mx\/?p=3456","title":{"rendered":"Reclama PAN reinstalaci\u00f3n de alcalde y edil de Actopan"},"content":{"rendered":"\n<p><strong>Juan Arcos <\/strong><\/p>\n\n\n\n<p>Xalapa, Ver.- El dirigente estatal del Partido Acci\u00f3n Nacional (PAN), Joaqu\u00edn Guzm\u00e1n Avil\u00e9s, exigi\u00f3 la restituci\u00f3n de Jos\u00e9 Paulino Dom\u00ednguez S\u00e1nchez y Lucero Jazm\u00edn Palmeros Barradas, quienes fueron desaforados y separados del cargo de la presidencia municipal y sindicatura de Actopan, respectivamente.<\/p>\n\n\n\n<p>En conferencia de prensa, el l\u00edder panista record\u00f3 que la Suprema Corte de Justicia de la Naci\u00f3n (SCJN) emiti\u00f3 una resoluci\u00f3n el mi\u00e9rcoles 17 de junio para la suspensi\u00f3n de los procesos penales en contra de los ediles mencionados, quienes gozan de fuero constitucional.<\/p>\n\n\n\n<p>Los funcionarios del PAN fueron se\u00f1alados de presuntos actos de corrupci\u00f3n en la administraci\u00f3n municipal. Por ello, los diputados locales del Movimiento de Regeneraci\u00f3n Nacional (Morena)<br>Guzm\u00e1n Avil\u00e9s consider\u00f3 que fueron violentados los derechos humanos y jur\u00eddicos de los ediles de Actopan, sobre todo de la S\u00edndica, quien fue detenida el pasado 8 de marzo y se encuentra en el penal de Pacho Viejo, municipio de Coatepec.<\/p>\n\n\n\n<p>\u201cSe tiene que dar la libertad (de la s\u00edndica). Esto es un cochinero por el abuso de poder de Morena. El revanchismo pol\u00edtico que Morena aplica desde el congreso nos lleva a esta situaci\u00f3n, donde la suprema corte reconoce que hubo vicios de origen en este caso\u201d.<\/p>\n\n\n\n<p>Adem\u00e1s, indic\u00f3 que es causa de juicio pol\u00edtico impedir que un edil ejerza su mandato constitucional, por lo que no descart\u00f3 la actuar contra los legisladores de Morena, quienes deber\u00e1n responder por los actos de autoridad del presidente municipal interino Eduardo Carranza.<\/p>\n\n\n\n<p>El dirigente del albiazul consider\u00f3 que Jos\u00e9 Paulino debe asumir nuevamente su cargo de presidente municipal, pese a la orden de aprehensi\u00f3n en su contra por su presunta participaci\u00f3n en el asesinato del reportero Celestino Ruiz.<\/p>\n\n\n\n<p>Cabe recordar que el gobernador Cuitl\u00e1huac Garc\u00eda Jim\u00e9nez ha declarado que el presidente municipal de Actopan tuvo participaci\u00f3n en el crimen del periodista.<\/p>\n\n\n\n<p>\u201cUna situaci\u00f3n grav\u00edsima, el gobernador no puede estar dando ni diciendo qui\u00e9n es criminal y qui\u00e9n no, se tiene que demostrar a trav\u00e9s de la justicia\u201d.<\/p>\n\n\n\n<p><\/p>\n","protected":false},"excerpt":{"rendered":"<p>Juan Arcos Xalapa, Ver.- El dirigente estatal del Partido Acci\u00f3n Nacional (PAN), Joaqu\u00edn Guzm\u00e1n Avil\u00e9s, exigi\u00f3 la restituci\u00f3n de Jos\u00e9 Paulino Dom\u00ednguez S\u00e1nchez y Lucero Jazm\u00edn Palmeros Barradas, quienes fueron desaforados y separados del cargo de la presidencia municipal y sindicatura de Actopan, respectivamente. En conferencia de prensa, el l\u00edder panista record\u00f3 que la Suprema [&hellip;]<\/p>\n","protected":false},"author":1,"featured_media":3457,"comment_status":"open","ping_status":"open","sticky":false,"template":"","format":"standard","meta":{"_jetpack_memberships_contains_paid_content":false,"footnotes":""},"categories":[2],"tags":[],"class_list":["post-3456","post","type-post","status-publish","format-standard","has-post-thumbnail","hentry","category-estado"],"jetpack_featured_media_url":"https:\/\/encuentroinformativo.com.mx\/wp-content\/uploads\/2020\/06\/7A6FD0C3-8244-4575-9616-4E785102B3DA.jpeg","jetpack_sharing_enabled":true,"jetpack_likes_enabled":true,"amp_enabled":true,"_links":{"self":[{"href":"https:\/\/encuentroinformativo.com.mx\/index.php?rest_route=\/wp\/v2\/posts\/3456","targetHints":{"allow":["GET"]}}],"collection":[{"href":"https:\/\/encuentroinformativo.com.mx\/index.php?rest_route=\/wp\/v2\/posts"}],"about":[{"href":"https:\/\/encuentroinformativo.com.mx\/index.php?rest_route=\/wp\/v2\/types\/post"}],"author":[{"embeddable":true,"href":"https:\/\/encuentroinformativo.com.mx\/index.php?rest_route=\/wp\/v2\/users\/1"}],"replies":[{"embeddable":true,"href":"https:\/\/encuentroinformativo.com.mx\/index.php?rest_route=%2Fwp%2Fv2%2Fcomments&post=3456"}],"version-history":[{"count":1,"href":"https:\/\/encuentroinformativo.com.mx\/index.php?rest_route=\/wp\/v2\/posts\/3456\/revisions"}],"predecessor-version":[{"id":3458,"href":"https:\/\/encuentroinformativo.com.mx\/index.php?rest_route=\/wp\/v2\/posts\/3456\/revisions\/3458"}],"wp:featuredmedia":[{"embeddable":true,"href":"https:\/\/encuentroinformativo.com.mx\/index.php?rest_route=\/wp\/v2\/media\/3457"}],"wp:attachment":[{"href":"https:\/\/encuentroinformativo.com.mx\/index.php?rest_route=%2Fwp%2Fv2%2Fmedia&parent=3456"}],"wp:term":[{"taxonomy":"category","embeddable":true,"href":"https:\/\/encuentroinformativo.com.mx\/index.php?rest_route=%2Fwp%2Fv2%2Fcategories&post=3456"},{"taxonomy":"post_tag","embeddable":true,"href":"https:\/\/encuentroinformativo.com.mx\/index.php?rest_route=%2Fwp%2Fv2%2Ftags&post=3456"}],"curies":[{"name":"wp","href":"https:\/\/api.w.org\/{rel}","templated":true}]}}