{"id":34560,"date":"2022-12-17T17:59:53","date_gmt":"2022-12-17T23:59:53","guid":{"rendered":"https:\/\/encuentroinformativo.com.mx\/?p=34560"},"modified":"2022-12-17T17:59:57","modified_gmt":"2022-12-17T23:59:57","slug":"reitera-boca-del-rio-compromiso-con-los-tres-niveles-de-gobierno-unanue","status":"publish","type":"post","link":"https:\/\/encuentroinformativo.com.mx\/?p=34560","title":{"rendered":"Reitera Boca del R\u00edo compromiso con los tres niveles de gobierno: Un\u00e1nue"},"content":{"rendered":"\n<p><strong>*<em>El Alcalde estuvo presente en el banderazo del Operativo Salvavidas Invierno 2022 Veracruz \u2013 Boca del R\u00edo<\/em>.<\/strong><\/p>\n\n\n\n<p>Boca del R\u00edo, Ver.- Con la llegada de miles de turistas en el municipio de Boca del R\u00edo, el Alcalde Juan Manuel Un\u00e1nue Abascal y las diversas \u00e1reas del Ayuntamiento, se reportan listos y preparados para que tengan una estancia segura y en paz.<\/p>\n\n\n\n<p>Acompa\u00f1ado por elementos de la Polic\u00eda Municipal y Protecci\u00f3n Civil de Boca del R\u00edo, acudieron al llamado de la Secretar\u00eda de Marina-Armada de M\u00e9xico (SEMAR), para coordinarse y dar el banderazo de inicio del Operativo Salvavidas Invierno 2022 y Operaciones en la Mar que se efectuar\u00e1 hasta el 7 de enero del 2023 en la zona conurbada.<\/p>\n\n\n\n<p>\u201cEstamos muy agradecidos y reconocemos siempre el trabajo y respaldo de la Secretar\u00eda de Marina, de la Polic\u00eda Naval, de las Fuerzas Federales, as\u00ed como de la Polic\u00eda Estatal y de la Fuerza Civil\u201d, reconoci\u00f3 el Edil en el Malec\u00f3n de Veracruz.<\/p>\n\n\n\n<p>Un\u00e1nue Abascal, destac\u00f3 el trabajo del Almirante Ra\u00fal P\u00e9rez V\u00e1zquez; Comandante de la Tercera Regi\u00f3n Naval, por el respaldo a las boque\u00f1as y boque\u00f1os.<\/p>\n\n\n\n<p>Como cada a\u00f1o, la Secretar\u00eda de Marina apoya al municipio de Boca del R\u00edo, con un operativo de playas con seguridad, apoyo m\u00e9dico, b\u00fasqueda y rescate mar\u00edtimo, as\u00ed como labores de salvamento.<\/p>\n\n\n\n<p>El Presidente Municipal, destac\u00f3 que la ciudad tendr\u00e1 una ocupaci\u00f3n al cien por ciento, observ\u00e1ndose ya el incremento de la movilidad en el municipio, lo que ya es costumbre de meses a la fecha con plazas comerciales llenas, restaurantes, as\u00ed como diversos prestadores de servicios que se ven favorecidos, por lo que se espera una fuerte derrama econ\u00f3mica este fin de a\u00f1o.<\/p>\n\n\n\n<p>Con la presencia de los elementos de la SEMAR, se efectuar\u00e1n mayores recorridos para reforzar la seguridad p\u00fablica, se incrementan las operaciones mar\u00edtimas, y mayor presencia de personal m\u00e9dico y nadadores de rescate en las playas de Boca del R\u00edo, intensific\u00e1ndose la vigilancia por tierra, aire y mar.<\/p>\n\n\n\n<p>Se trata de un trabajo coordinado con los tres \u00f3rdenes de gobierno en beneficio de los turistas, locales y extranjeros que gustan de Boca del R\u00edo, el destino tur\u00edstico m\u00e1s importante del Sureste de M\u00e9xico.<\/p>\n\n\n\n<p>Finalmente, el Alcalde de Boca del R\u00edo, Juan Manuel Un\u00e1nue Abascal, refrend\u00f3 su compromiso con las y los boque\u00f1os, as\u00ed como visitantes que llegan de cualquier latitud de velar por su seguridad durante estas fiestas decembrinas.<\/p>\n","protected":false},"excerpt":{"rendered":"<p>*El Alcalde estuvo presente en el banderazo del Operativo Salvavidas Invierno 2022 Veracruz \u2013 Boca del R\u00edo. Boca del R\u00edo, Ver.- Con la llegada de miles de turistas en el municipio de Boca del R\u00edo, el Alcalde Juan Manuel Un\u00e1nue Abascal y las diversas \u00e1reas del Ayuntamiento, se reportan listos y preparados para que tengan [&hellip;]<\/p>\n","protected":false},"author":1,"featured_media":34561,"comment_status":"open","ping_status":"open","sticky":false,"template":"","format":"standard","meta":{"_jetpack_memberships_contains_paid_content":false,"footnotes":""},"categories":[2],"tags":[],"class_list":["post-34560","post","type-post","status-publish","format-standard","has-post-thumbnail","hentry","category-estado"],"jetpack_featured_media_url":"https:\/\/encuentroinformativo.com.mx\/wp-content\/uploads\/2022\/12\/7E641BB6-A93F-4A0D-B66F-E4F98EB3732F.jpeg","jetpack_sharing_enabled":true,"jetpack_likes_enabled":true,"amp_enabled":true,"_links":{"self":[{"href":"https:\/\/encuentroinformativo.com.mx\/index.php?rest_route=\/wp\/v2\/posts\/34560","targetHints":{"allow":["GET"]}}],"collection":[{"href":"https:\/\/encuentroinformativo.com.mx\/index.php?rest_route=\/wp\/v2\/posts"}],"about":[{"href":"https:\/\/encuentroinformativo.com.mx\/index.php?rest_route=\/wp\/v2\/types\/post"}],"author":[{"embeddable":true,"href":"https:\/\/encuentroinformativo.com.mx\/index.php?rest_route=\/wp\/v2\/users\/1"}],"replies":[{"embeddable":true,"href":"https:\/\/encuentroinformativo.com.mx\/index.php?rest_route=%2Fwp%2Fv2%2Fcomments&post=34560"}],"version-history":[{"count":1,"href":"https:\/\/encuentroinformativo.com.mx\/index.php?rest_route=\/wp\/v2\/posts\/34560\/revisions"}],"predecessor-version":[{"id":34562,"href":"https:\/\/encuentroinformativo.com.mx\/index.php?rest_route=\/wp\/v2\/posts\/34560\/revisions\/34562"}],"wp:featuredmedia":[{"embeddable":true,"href":"https:\/\/encuentroinformativo.com.mx\/index.php?rest_route=\/wp\/v2\/media\/34561"}],"wp:attachment":[{"href":"https:\/\/encuentroinformativo.com.mx\/index.php?rest_route=%2Fwp%2Fv2%2Fmedia&parent=34560"}],"wp:term":[{"taxonomy":"category","embeddable":true,"href":"https:\/\/encuentroinformativo.com.mx\/index.php?rest_route=%2Fwp%2Fv2%2Fcategories&post=34560"},{"taxonomy":"post_tag","embeddable":true,"href":"https:\/\/encuentroinformativo.com.mx\/index.php?rest_route=%2Fwp%2Fv2%2Ftags&post=34560"}],"curies":[{"name":"wp","href":"https:\/\/api.w.org\/{rel}","templated":true}]}}